{"id":78216,"date":"2016-06-30T16:01:25","date_gmt":"2016-06-30T13:01:25","guid":{"rendered":"http:\/\/www.sana.sy\/tr\/?p=78216"},"modified":"2016-07-01T13:45:27","modified_gmt":"2016-07-01T10:45:27","slug":"yine-sivil-yarali-var","status":"publish","type":"post","link":"https:\/\/archive.sana.sy\/tr\/?p=78216","title":{"rendered":"Hastaneye F\u00fczelerle Sald\u0131rd\u0131lar"},"content":{"rendered":"<p>\u0130LLER \u2013 Erdo\u011fan ve Al Suud rejimlerine tabi ter\u00f6ristler bug\u00fcn de \u00e7at\u0131\u015fmalar\u0131 durdurma anlamas\u0131na ihlallerini s\u00fcrd\u00fcrerek sivil b\u00f6lgeleri geli\u015fig\u00fczel f\u00fcze sald\u0131r\u0131lar\u0131yla hedef ald\u0131.<\/p>\n<p><span style=\"color: #0000ff\">HALEP:<\/span><\/p>\n<p>Halep Emniyet M\u00fcd\u00fcrl\u00fc\u011f\u00fcnde bir kaynak SANA\u2019ya a\u00e7\u0131klamas\u0131nda ter\u00f6ristlerin Halep Kentinin yerle\u015fim alanlar\u0131ndan Mokembo Semtini f\u00fczelerle hedef almalar\u0131 sonucunda 3 vatanda\u015f\u0131n yaraland\u0131\u011f\u0131n\u0131 aktar\u0131rken, vatanda\u015flar\u0131n ev, i\u015fyerleri ve ara\u00e7lar\u0131nda maddi hasar\u0131n olu\u015ftu\u011funu da belirtti.<\/p>\n<p><span style=\"color: #0000ff\">\u015eAM KIRSALI:<\/span><\/p>\n<p>Di\u011fer yandan \u015eam \u00c7evre Kent Emniyet M\u00fcd\u00fcrl\u00fc\u011f\u00fcnde bir kaynak SANA\u2019ya a\u00e7\u0131klamas\u0131nda eli kanl\u0131 ter\u00f6ristlerin bug\u00fcn \u00f6\u011fleden sonra \u015eam k\u0131rsal\u0131 Do\u011fu \u011euta\u2019n\u0131n Haresta Banliy\u00f6s\u00fcnde Polis Hastanesine f\u00fczelerle sald\u0131rd\u0131klar\u0131n\u0131 belirtti.<\/p>\n<p>Kaynak Gaddar sald\u0131r\u0131da aralar\u0131nda 1 \u00e7ocu\u011fun bulundu\u011fu 8 vatanda\u015f\u0131n yaraland\u0131\u011f\u0131n\u0131, hastane binas\u0131ndan da b\u00fcy\u00fck maddi hasar\u0131n meydana geldi\u011fini aktard\u0131.<\/p>\n","protected":false},"excerpt":{"rendered":"<p>\u0130LLER \u2013 Erdo\u011fan ve Al Suud rejimlerine tabi ter\u00f6ristler bug\u00fcn de \u00e7at\u0131\u015fmalar\u0131 durdurma anlamas\u0131na ihlallerini s\u00fcrd\u00fcrerek sivil b\u00f6lgeleri geli\u015fig\u00fczel f\u00fcze sald\u0131r\u0131lar\u0131yla hedef ald\u0131. HALEP: Halep Emniyet M\u00fcd\u00fcrl\u00fc\u011f\u00fcnde bir kaynak SANA\u2019ya a\u00e7\u0131klamas\u0131nda ter\u00f6ristlerin Halep Kentinin yerle\u015fim alanlar\u0131ndan Mokembo Semtini f\u00fczelerle hedef almalar\u0131 sonucunda 3 vatanda\u015f\u0131n yaraland\u0131\u011f\u0131n\u0131 aktar\u0131rken, vatanda\u015flar\u0131n ev, i\u015fyerleri ve ara\u00e7lar\u0131nda maddi hasar\u0131n olu\u015ftu\u011funu da &hellip;<\/p>\n","protected":false},"author":1,"featured_media":68280,"comment_status":"closed","ping_status":"closed","sticky":false,"template":"","format":"standard","meta":{"footnotes":""},"categories":[479,575,17988,478],"tags":[3464,9401,17606,18687,17273,2318,15945,18347,18674,18174,19043],"class_list":["post-78216","post","type-post","status-publish","format-standard","has-post-thumbnail","","category-haberler-yerel","category-olaylar-ve-gercekler","category-son-haberler","category-yerel","tag-nusra-cephesi","tag-erdogan","tag-fuze-saldirilari","tag-halep-kirsali","tag-havan-saldirisi","tag-isid","tag-ilimli-muhalifler","tag-oso","tag-silahli-muhalifler","tag-sivillere-saldiri","tag-suriyede-son-durum"],"_links":{"self":[{"href":"https:\/\/archive.sana.sy\/tr\/index.php?rest_route=\/wp\/v2\/posts\/78216","targetHints":{"allow":["GET"]}}],"collection":[{"href":"https:\/\/archive.sana.sy\/tr\/index.php?rest_route=\/wp\/v2\/posts"}],"about":[{"href":"https:\/\/archive.sana.sy\/tr\/index.php?rest_route=\/wp\/v2\/types\/post"}],"author":[{"embeddable":true,"href":"https:\/\/archive.sana.sy\/tr\/index.php?rest_route=\/wp\/v2\/users\/1"}],"replies":[{"embeddable":true,"href":"https:\/\/archive.sana.sy\/tr\/index.php?rest_route=%2Fwp%2Fv2%2Fcomments&post=78216"}],"version-history":[{"count":0,"href":"https:\/\/archive.sana.sy\/tr\/index.php?rest_route=\/wp\/v2\/posts\/78216\/revisions"}],"wp:featuredmedia":[{"embeddable":true,"href":"https:\/\/archive.sana.sy\/tr\/index.php?rest_route=\/wp\/v2\/media\/68280"}],"wp:attachment":[{"href":"https:\/\/archive.sana.sy\/tr\/index.php?rest_route=%2Fwp%2Fv2%2Fmedia&parent=78216"}],"wp:term":[{"taxonomy":"category","embeddable":true,"href":"https:\/\/archive.sana.sy\/tr\/index.php?rest_route=%2Fwp%2Fv2%2Fcategories&post=78216"},{"taxonomy":"post_tag","embeddable":true,"href":"https:\/\/archive.sana.sy\/tr\/index.php?rest_route=%2Fwp%2Fv2%2Ftags&post=78216"}],"curies":[{"name":"wp","href":"https:\/\/api.w.org\/{rel}","templated":true}]}}