{"id":78219,"date":"2016-06-30T15:40:07","date_gmt":"2016-06-30T12:40:07","guid":{"rendered":"http:\/\/www.sana.sy\/tr\/?p=78219"},"modified":"2016-06-30T15:47:32","modified_gmt":"2016-06-30T12:47:32","slug":"sam-cevre-kent-emniyet-mudurlugunde-bir-kaynak-sanaya-aciklamasinda-eli-kanli-teroristlerin-bugun-ogleden-sonra-sam-kirsali-dogu-gutanin-haresta-banliyosunde-polis-hastanesine-fuzele","status":"publish","type":"post","link":"https:\/\/archive.sana.sy\/tr\/?p=78219","title":{"rendered":"\u015eam \u00c7evre Kent Emniyet M\u00fcd\u00fcrl\u00fc\u011f\u00fcnde bir kaynak SANA\u2019ya a\u00e7\u0131klamas\u0131nda eli kanl\u0131 ter\u00f6ristlerin bug\u00fcn \u00f6\u011fleden sonra \u015eam k\u0131rsal\u0131 Do\u011fu \u011euta\u2019n\u0131n Haresta Banliy\u00f6s\u00fcnde Polis Hastanesine f\u00fczelerle sald\u0131rd\u0131klar\u0131n\u0131 belirtti"},"content":{"rendered":"<p>\u015eam \u00c7evre Kent Emniyet M\u00fcd\u00fcrl\u00fc\u011f\u00fcnde bir kaynak SANA\u2019ya a\u00e7\u0131klamas\u0131nda eli kanl\u0131 ter\u00f6ristlerin bug\u00fcn \u00f6\u011fleden sonra \u015eam k\u0131rsal\u0131 Do\u011fu \u011euta\u2019n\u0131n Haresta Banliy\u00f6s\u00fcnde Polis Hastanesine f\u00fczelerle sald\u0131rd\u0131klar\u0131n\u0131 belirtti<\/p>\n","protected":false},"excerpt":{"rendered":"<p>\u015eam \u00c7evre Kent Emniyet M\u00fcd\u00fcrl\u00fc\u011f\u00fcnde bir kaynak SANA\u2019ya a\u00e7\u0131klamas\u0131nda eli kanl\u0131 ter\u00f6ristlerin bug\u00fcn \u00f6\u011fleden sonra \u015eam k\u0131rsal\u0131 Do\u011fu \u011euta\u2019n\u0131n Haresta Banliy\u00f6s\u00fcnde Polis Hastanesine f\u00fczelerle sald\u0131rd\u0131klar\u0131n\u0131 belirtti<\/p>\n","protected":false},"author":1,"featured_media":0,"comment_status":"closed","ping_status":"closed","sticky":false,"template":"","format":"standard","meta":{"footnotes":""},"categories":[17991],"tags":[],"class_list":["post-78219","post","type-post","status-publish","format-standard","","category-son-dakika"],"_links":{"self":[{"href":"https:\/\/archive.sana.sy\/tr\/index.php?rest_route=\/wp\/v2\/posts\/78219","targetHints":{"allow":["GET"]}}],"collection":[{"href":"https:\/\/archive.sana.sy\/tr\/index.php?rest_route=\/wp\/v2\/posts"}],"about":[{"href":"https:\/\/archive.sana.sy\/tr\/index.php?rest_route=\/wp\/v2\/types\/post"}],"author":[{"embeddable":true,"href":"https:\/\/archive.sana.sy\/tr\/index.php?rest_route=\/wp\/v2\/users\/1"}],"replies":[{"embeddable":true,"href":"https:\/\/archive.sana.sy\/tr\/index.php?rest_route=%2Fwp%2Fv2%2Fcomments&post=78219"}],"version-history":[{"count":0,"href":"https:\/\/archive.sana.sy\/tr\/index.php?rest_route=\/wp\/v2\/posts\/78219\/revisions"}],"wp:attachment":[{"href":"https:\/\/archive.sana.sy\/tr\/index.php?rest_route=%2Fwp%2Fv2%2Fmedia&parent=78219"}],"wp:term":[{"taxonomy":"category","embeddable":true,"href":"https:\/\/archive.sana.sy\/tr\/index.php?rest_route=%2Fwp%2Fv2%2Fcategories&post=78219"},{"taxonomy":"post_tag","embeddable":true,"href":"https:\/\/archive.sana.sy\/tr\/index.php?rest_route=%2Fwp%2Fv2%2Ftags&post=78219"}],"curies":[{"name":"wp","href":"https:\/\/api.w.org\/{rel}","templated":true}]}}