{"id":78227,"date":"2016-06-30T11:04:14","date_gmt":"2016-06-30T08:04:14","guid":{"rendered":"http:\/\/www.sana.sy\/tr\/?p=78227"},"modified":"2016-07-01T13:46:23","modified_gmt":"2016-07-01T10:46:23","slug":"toprak-butunlugu-ve-devlet-kurumlarinin-korunmasini-garantileyecek-bir-cozum","status":"publish","type":"post","link":"https:\/\/archive.sana.sy\/tr\/?p=78227","title":{"rendered":"Toprak B\u00fct\u00fcnl\u00fc\u011f\u00fc ve Devlet Kurumlar\u0131n\u0131n Korunmas\u0131n\u0131 Garantileyecek Bir \u00c7\u00f6z\u00fcm"},"content":{"rendered":"<p>KAH\u0130RE \u2013 M\u0131s\u0131r, Suriye&#8217;deki krizin, Suriye&#8217;nin toprak b\u00fct\u00fcnl\u00fc\u011f\u00fc ve egemenli\u011finin yan\u0131 s\u0131ra devlet kurumlar\u0131n\u0131n korunmas\u0131n\u0131 garantileyecek siyasi bir \u00e7\u00f6z\u00fcme deste\u011fini bir kez daha vurgulad\u0131.<\/p>\n<p>M\u0131s\u0131r D\u0131\u015fi\u015fleri Bakanl\u0131\u011f\u0131 bug\u00fcn yay\u0131nlad\u0131\u011f\u0131 beyanda; Suriye halk\u0131n\u0131n t\u00fcm bile\u015fenleriyle bar\u0131\u015f ve istikrar i\u00e7inde ya\u015famas\u0131na ek olarak Suriye&#8217;nin toprak b\u00fct\u00fcnl\u00fc\u011f\u00fc ve egemenli\u011finin korunmas\u0131 y\u00f6n\u00fcnde elinden gelen her \u00e7abada bulunmakta oldu\u011funu ifade etti.<\/p>\n<p>BM arac\u0131l\u0131\u011f\u0131 ile Suriyeliler aras\u0131nda Cenevre&#8217;de yap\u0131lan diyalog g\u00f6r\u00fc\u015fmelerinin yeniden ba\u015flat\u0131lmas\u0131 gere\u011fine i\u015faret eden M\u0131s\u0131r D\u0131\u015fi\u015fleri Bakanl\u0131\u011f\u0131; Uluslararas\u0131 Suriye&#8217;ye Destek Grubunda yer almas\u0131 itibar\u0131yla tutumunun a\u00e7\u0131k ve net oldu\u011funu kaydetti.<\/p>\n","protected":false},"excerpt":{"rendered":"<p>KAH\u0130RE \u2013 M\u0131s\u0131r, Suriye&#8217;deki krizin, Suriye&#8217;nin toprak b\u00fct\u00fcnl\u00fc\u011f\u00fc ve egemenli\u011finin yan\u0131 s\u0131ra devlet kurumlar\u0131n\u0131n korunmas\u0131n\u0131 garantileyecek siyasi bir \u00e7\u00f6z\u00fcme deste\u011fini bir kez daha vurgulad\u0131. M\u0131s\u0131r D\u0131\u015fi\u015fleri Bakanl\u0131\u011f\u0131 bug\u00fcn yay\u0131nlad\u0131\u011f\u0131 beyanda; Suriye halk\u0131n\u0131n t\u00fcm bile\u015fenleriyle bar\u0131\u015f ve istikrar i\u00e7inde ya\u015famas\u0131na ek olarak Suriye&#8217;nin toprak b\u00fct\u00fcnl\u00fc\u011f\u00fc ve egemenli\u011finin korunmas\u0131 y\u00f6n\u00fcnde elinden gelen her \u00e7abada bulunmakta oldu\u011funu ifade &hellip;<\/p>\n","protected":false},"author":1,"featured_media":69749,"comment_status":"closed","ping_status":"closed","sticky":false,"template":"","format":"standard","meta":{"footnotes":""},"categories":[458,459,17988],"tags":[19553,22165],"class_list":["post-78227","post","type-post","status-publish","format-standard","has-post-thumbnail","","category-dunya1","category-haberler-arap-uluslararasi-politika","category-son-haberler","tag-misir-disisleri-bakanligi","tag-toprak-butunlugu-ve-devlet-kurumlarinin-korunmasini-garantileyecek-bir-cozum"],"_links":{"self":[{"href":"https:\/\/archive.sana.sy\/tr\/index.php?rest_route=\/wp\/v2\/posts\/78227","targetHints":{"allow":["GET"]}}],"collection":[{"href":"https:\/\/archive.sana.sy\/tr\/index.php?rest_route=\/wp\/v2\/posts"}],"about":[{"href":"https:\/\/archive.sana.sy\/tr\/index.php?rest_route=\/wp\/v2\/types\/post"}],"author":[{"embeddable":true,"href":"https:\/\/archive.sana.sy\/tr\/index.php?rest_route=\/wp\/v2\/users\/1"}],"replies":[{"embeddable":true,"href":"https:\/\/archive.sana.sy\/tr\/index.php?rest_route=%2Fwp%2Fv2%2Fcomments&post=78227"}],"version-history":[{"count":0,"href":"https:\/\/archive.sana.sy\/tr\/index.php?rest_route=\/wp\/v2\/posts\/78227\/revisions"}],"wp:featuredmedia":[{"embeddable":true,"href":"https:\/\/archive.sana.sy\/tr\/index.php?rest_route=\/wp\/v2\/media\/69749"}],"wp:attachment":[{"href":"https:\/\/archive.sana.sy\/tr\/index.php?rest_route=%2Fwp%2Fv2%2Fmedia&parent=78227"}],"wp:term":[{"taxonomy":"category","embeddable":true,"href":"https:\/\/archive.sana.sy\/tr\/index.php?rest_route=%2Fwp%2Fv2%2Fcategories&post=78227"},{"taxonomy":"post_tag","embeddable":true,"href":"https:\/\/archive.sana.sy\/tr\/index.php?rest_route=%2Fwp%2Fv2%2Ftags&post=78227"}],"curies":[{"name":"wp","href":"https:\/\/api.w.org\/{rel}","templated":true}]}}