{"id":7825,"date":"2014-08-20T14:04:55","date_gmt":"2014-08-20T11:04:55","guid":{"rendered":"http:\/\/www.sana.sy\/tr\/?p=7825"},"modified":"2014-08-20T14:04:55","modified_gmt":"2014-08-20T11:04:55","slug":"syria-motex-2-fuari-ekonomi-surecinde-basari-kaydetti","status":"publish","type":"post","link":"https:\/\/archive.sana.sy\/tr\/?p=7825","title":{"rendered":"Syria MOTEX 2 Fuar\u0131 Ekonomi S\u00fcrecinde Ba\u015far\u0131 Kaydetti"},"content":{"rendered":"<p>\u015eAM \u2013 \u0130\u015flemleri y\u00fcr\u00fctmekle m\u00fckellef kabinede Ekonomi ve D\u0131\u015f Ticaret Bakan\u0131 H\u0131z\u0131r Urfal\u0131 bakanl\u0131\u011f\u0131n, \u00f6zel ve kamu sekt\u00f6rlerinde ilgili kurum ve faaliyetlerle i\u015fbirli\u011fi i\u00e7inde fuarlar d\u00fczenleme \u00e7al\u0131\u015fmalar\u0131n\u0131 te\u015fvik etmeye devam edece\u011fini belirtti.<\/p>\n<p>L\u00fcbnan&#8217;\u0131n ba\u015fkenti Beyrut\u2019ta d\u00fczenlenen Syria MOTEX 2 fuar\u0131n\u0131n sona ermesi m\u00fcnasebetiyle bas\u0131na a\u00e7\u0131klama yapan Bakan H\u0131z\u0131r; fuar\u0131n Suriye ve halk\u0131na uygulanan kat\u0131 yapt\u0131r\u0131mlar g\u00f6lgesinde ekonomi s\u00fcrecine yeni ba\u015far\u0131lar ekledi\u011fini belirtti.<\/p>\n<p>Urfal\u0131 Syria MOTEX 2 fuar\u0131nda Suriye sanayisinin gururu olan tekstil, giyim ve deri \u00fcr\u00fcnlerinin yan\u0131 s\u0131ra di\u011fer \u00fcr\u00fcnlerin fuar ziyaret\u00e7ileri taraf\u0131ndan olduk\u00e7a b\u00fcy\u00fck ilgi g\u00f6rd\u00fcklerine i\u015faret ederken; fuara kat\u0131lan Suriyeli i\u015fadamlar\u0131 ve fuar etkinlikleri kapsam\u0131nda sanat sergileri d\u00fczenleyen Suriyeli ressam ve sanat\u00e7\u0131lar\u0131n ter\u00f6r ve destek\u00e7ilerine meydan okuduklar\u0131n\u0131 ifade etti.<\/p>\n","protected":false},"excerpt":{"rendered":"<p>\u015eAM \u2013 \u0130\u015flemleri y\u00fcr\u00fctmekle m\u00fckellef kabinede Ekonomi ve D\u0131\u015f Ticaret Bakan\u0131 H\u0131z\u0131r Urfal\u0131 bakanl\u0131\u011f\u0131n, \u00f6zel ve kamu sekt\u00f6rlerinde ilgili kurum ve faaliyetlerle i\u015fbirli\u011fi i\u00e7inde fuarlar d\u00fczenleme \u00e7al\u0131\u015fmalar\u0131n\u0131 te\u015fvik etmeye devam edece\u011fini belirtti. L\u00fcbnan&#8217;\u0131n ba\u015fkenti Beyrut\u2019ta d\u00fczenlenen Syria MOTEX 2 fuar\u0131n\u0131n sona ermesi m\u00fcnasebetiyle bas\u0131na a\u00e7\u0131klama yapan Bakan H\u0131z\u0131r; fuar\u0131n Suriye ve halk\u0131na uygulanan kat\u0131 yapt\u0131r\u0131mlar &hellip;<\/p>\n","protected":false},"author":1,"featured_media":7826,"comment_status":"closed","ping_status":"closed","sticky":false,"template":"","format":"standard","meta":{"footnotes":""},"categories":[485,486],"tags":[1754],"class_list":["post-7825","post","type-post","status-publish","format-standard","has-post-thumbnail","","category-is-ve-sermaye","category-haberler-is-ve-sermaye","tag-syria-motex-2-fuari-ekonomi-surecinde-basari-kaydetti"],"_links":{"self":[{"href":"https:\/\/archive.sana.sy\/tr\/index.php?rest_route=\/wp\/v2\/posts\/7825","targetHints":{"allow":["GET"]}}],"collection":[{"href":"https:\/\/archive.sana.sy\/tr\/index.php?rest_route=\/wp\/v2\/posts"}],"about":[{"href":"https:\/\/archive.sana.sy\/tr\/index.php?rest_route=\/wp\/v2\/types\/post"}],"author":[{"embeddable":true,"href":"https:\/\/archive.sana.sy\/tr\/index.php?rest_route=\/wp\/v2\/users\/1"}],"replies":[{"embeddable":true,"href":"https:\/\/archive.sana.sy\/tr\/index.php?rest_route=%2Fwp%2Fv2%2Fcomments&post=7825"}],"version-history":[{"count":0,"href":"https:\/\/archive.sana.sy\/tr\/index.php?rest_route=\/wp\/v2\/posts\/7825\/revisions"}],"wp:featuredmedia":[{"embeddable":true,"href":"https:\/\/archive.sana.sy\/tr\/index.php?rest_route=\/wp\/v2\/media\/7826"}],"wp:attachment":[{"href":"https:\/\/archive.sana.sy\/tr\/index.php?rest_route=%2Fwp%2Fv2%2Fmedia&parent=7825"}],"wp:term":[{"taxonomy":"category","embeddable":true,"href":"https:\/\/archive.sana.sy\/tr\/index.php?rest_route=%2Fwp%2Fv2%2Fcategories&post=7825"},{"taxonomy":"post_tag","embeddable":true,"href":"https:\/\/archive.sana.sy\/tr\/index.php?rest_route=%2Fwp%2Fv2%2Ftags&post=7825"}],"curies":[{"name":"wp","href":"https:\/\/api.w.org\/{rel}","templated":true}]}}