{"id":78292,"date":"2016-07-01T18:10:56","date_gmt":"2016-07-01T15:10:56","guid":{"rendered":"http:\/\/www.sana.sy\/tr\/?p=78292"},"modified":"2016-07-02T15:11:16","modified_gmt":"2016-07-02T12:11:16","slug":"terore-karsi-savasta-sanli-destanlar-devam-ediyor","status":"publish","type":"post","link":"https:\/\/archive.sana.sy\/tr\/?p=78292","title":{"rendered":"Ter\u00f6re Kar\u015f\u0131 Sava\u015fta \u015eanl\u0131 Destanlar Devam Ediyor (video)"},"content":{"rendered":"<p>\u0130LLER \u2013 \u00c7okuluslu tekfirci ter\u00f6re kar\u015f\u0131 \u015fanl\u0131 destanlar yazmaya devam eden ordu birliklerimiz bug\u00fcn de tekfirci ve hain ter\u00f6ristleri muhtelif b\u00f6lgelerde ciddi kay\u0131plara u\u011fratmaya devam etti.<\/p>\n<p><span style=\"color: #0000ff\">HOMS:<\/span><\/p>\n<p>SANA\u2019ya a\u00e7\u0131klama yapan askeri bir kaynak; bug\u00fcn sabah saatlerinde hava g\u00fc\u00e7lerimizin Homs Kentinin yakla\u015f\u0131k 75 km do\u011fusuna d\u00fc\u015fen Huvaysis K\u00f6y\u00fcn\u00fcn civar\u0131nda I\u015e\u0130D\u2019e ait ara\u00e7lar\u0131n toplanma yerini hedef almalar\u0131yla \u00e7ok say\u0131da ter\u00f6risti su\u00e7 edatlar\u0131yla birlikte yok ettiklerini ifade etti.<\/p>\n<p>Tedmur k\u0131rsal\u0131n\u0131n g\u00fcneydo\u011fusunda da hava g\u00fc\u00e7lerimizin I\u015e\u0130D\u2019e tabi bir komuta karargah\u0131n\u0131 ate\u015fe tutuklar\u0131n\u0131 aktaran kaynak; bir k\u0131sm\u0131 a\u011f\u0131r makineli silahla donat\u0131lm\u0131\u015f, bir k\u0131sm\u0131 da ter\u00f6rist ve cephane ta\u015f\u0131yan ara\u00e7lar\u0131n\u0131 y\u00fckleriyle birlikte tamamen imha ettiklerini belirtti.<\/p>\n<p><span style=\"color: #0000ff\">DEYREZZOR:<\/span><\/p>\n<p>\u00d6te yandan Deyrezzor Kentinin yakla\u015f\u0131k 10 km g\u00fcneydo\u011fusuna d\u00fc\u015fen Murayiye B\u00f6lgesi ve Hatla K\u00f6y\u00fcnde I\u015e\u0130D ter\u00f6r \u00f6rg\u00fct\u00fcne tabi mevki ve karargahlar\u0131 hedef alan hava g\u00fc\u00e7lerimiz; tekfircileri say\u0131 ve te\u00e7hizatlar\u0131yla birlikte a\u011f\u0131r kay\u0131plara u\u011fratt\u0131.<\/p>\n<p><span style=\"color: #0000ff\">S\u00dcVEYDA:<\/span><\/p>\n<p>Saha kaynaklar\u0131 SANA\u2019ya a\u00e7\u0131klamalar\u0131nda; ordu birliklerimizin bug\u00fcn erken saatlerde S\u00fcveyda k\u0131rsal\u0131 Kasr K\u00f6y\u00fcn\u00fcn g\u00fcneydo\u011fusunda I\u015e\u0130D\u2019in a\u011f\u0131r makineli silahla donat\u0131lm\u0131\u015f 3 arac\u0131n\u0131 y\u00fckleriyle birlikte tamamen yok ettiklerini belirtti.<\/p>\n<p><span style=\"color: #0000ff\">DERA:<\/span><\/p>\n<p>G\u00fcn\u00fcn ilerleyen saatlerinde a\u00e7\u0131klama yapan bir kaynak; Dera Kentinin yakla\u015f\u0131k 4 km do\u011fusuna d\u00fc\u015fen Nuaymiye Beldesinde \u0130srail\u2019den destek alan Kaide \u00d6rg\u00fct\u00fcn\u00fcn Suriye kolu Nusra Cephesine tabi toplanma yerleri ve mevkilerine y\u00f6nelik nitelikli operasyonlar ger\u00e7ekle\u015ftirdiklerini belirtti. Kaynak; operasyonlarda y\u00fcksek say\u0131da ter\u00f6ristin \u00f6l\u00fc ve yaral\u0131 d\u00fc\u015f\u00fcr\u00fcl\u00fcp havan ve top rampalar\u0131n\u0131n ekipleriyle birlikte imha edildi\u011fini s\u00f6zlerine ekledi.<\/p>\n<p><span style=\"color: #0000ff\">\u015eAM KIRSALI:<\/span><\/p>\n<p>Askeri bir kaynak Suriye ordusunun \u015eam k\u0131rsal\u0131 Do\u011fu \u011euta\u2019da tekfirci ter\u00f6ristleri b\u00fcy\u00fck kay\u0131pla u\u011fratmalar\u0131 ard\u0131ndan yeni ilerlemeler kaydettiklerini ifade etti.<\/p>\n<p>Kaynak Do\u011fu \u011euta\u2019n\u0131n g\u00fcneydo\u011fu y\u00f6n\u00fc Meydaa ile Bahhariye beldeleri aras\u0131nda aralar\u0131nda saha komutanlar\u0131n\u0131n bulundu\u011fu \u00e7ok say\u0131da ter\u00f6ristin etkisizle\u015ftirilmeleri ard\u0131ndan bir\u00e7ok mezran\u0131n ordu birliklerimizin kontrol\u00fcne ge\u00e7erek ahalinin can ve mal g\u00fcvenli\u011finin sa\u011fland\u0131\u011f\u0131n\u0131 aktard\u0131.<\/p>\n<p>https:\/\/www.youtube.com\/watch?v=qIIYUmSYQY8<\/p>\n","protected":false},"excerpt":{"rendered":"<p>\u0130LLER \u2013 \u00c7okuluslu tekfirci ter\u00f6re kar\u015f\u0131 \u015fanl\u0131 destanlar yazmaya devam eden ordu birliklerimiz bug\u00fcn de tekfirci ve hain ter\u00f6ristleri muhtelif b\u00f6lgelerde ciddi kay\u0131plara u\u011fratmaya devam etti. HOMS: SANA\u2019ya a\u00e7\u0131klama yapan askeri bir kaynak; bug\u00fcn sabah saatlerinde hava g\u00fc\u00e7lerimizin Homs Kentinin yakla\u015f\u0131k 75 km do\u011fusuna d\u00fc\u015fen Huvaysis K\u00f6y\u00fcn\u00fcn civar\u0131nda I\u015e\u0130D\u2019e ait ara\u00e7lar\u0131n toplanma yerini hedef almalar\u0131yla &hellip;<\/p>\n","protected":false},"author":1,"featured_media":78293,"comment_status":"closed","ping_status":"closed","sticky":false,"template":"","format":"standard","meta":{"footnotes":""},"categories":[575,17988],"tags":[3464,2318,2695,11549,22172],"class_list":["post-78292","post","type-post","status-publish","format-standard","has-post-thumbnail","","category-olaylar-ve-gercekler","category-son-haberler","tag-nusra-cephesi","tag-isid","tag-ordu-birliklerimiz","tag-suriye-ordusu","tag-terore-karsi-savasta-sanli-destanlar-devam-ediyor"],"_links":{"self":[{"href":"https:\/\/archive.sana.sy\/tr\/index.php?rest_route=\/wp\/v2\/posts\/78292","targetHints":{"allow":["GET"]}}],"collection":[{"href":"https:\/\/archive.sana.sy\/tr\/index.php?rest_route=\/wp\/v2\/posts"}],"about":[{"href":"https:\/\/archive.sana.sy\/tr\/index.php?rest_route=\/wp\/v2\/types\/post"}],"author":[{"embeddable":true,"href":"https:\/\/archive.sana.sy\/tr\/index.php?rest_route=\/wp\/v2\/users\/1"}],"replies":[{"embeddable":true,"href":"https:\/\/archive.sana.sy\/tr\/index.php?rest_route=%2Fwp%2Fv2%2Fcomments&post=78292"}],"version-history":[{"count":0,"href":"https:\/\/archive.sana.sy\/tr\/index.php?rest_route=\/wp\/v2\/posts\/78292\/revisions"}],"wp:featuredmedia":[{"embeddable":true,"href":"https:\/\/archive.sana.sy\/tr\/index.php?rest_route=\/wp\/v2\/media\/78293"}],"wp:attachment":[{"href":"https:\/\/archive.sana.sy\/tr\/index.php?rest_route=%2Fwp%2Fv2%2Fmedia&parent=78292"}],"wp:term":[{"taxonomy":"category","embeddable":true,"href":"https:\/\/archive.sana.sy\/tr\/index.php?rest_route=%2Fwp%2Fv2%2Fcategories&post=78292"},{"taxonomy":"post_tag","embeddable":true,"href":"https:\/\/archive.sana.sy\/tr\/index.php?rest_route=%2Fwp%2Fv2%2Ftags&post=78292"}],"curies":[{"name":"wp","href":"https:\/\/api.w.org\/{rel}","templated":true}]}}