{"id":7830,"date":"2014-08-20T14:42:35","date_gmt":"2014-08-20T11:42:35","guid":{"rendered":"http:\/\/www.sana.sy\/tr\/?p=7830"},"modified":"2014-08-20T14:42:35","modified_gmt":"2014-08-20T11:42:35","slug":"hukumetin-destegi-ile-halep-kirsalina-yardim-konvoyu-gonderildi","status":"publish","type":"post","link":"https:\/\/archive.sana.sy\/tr\/?p=7830","title":{"rendered":"H\u00fck\u00fcmetin Deste\u011fi \u0130le Halep K\u0131rsal\u0131na Yard\u0131m Konvoyu G\u00f6nderildi"},"content":{"rendered":"<p>HALEP \u2013 Halep Valil\u011fi, H\u00fck\u00fcmetten ald\u0131\u011f\u0131 destek ile bug\u00fcn D\u00fcnya G\u0131da Program\u0131 ve K\u0131z\u0131lay ile i\u015fbirli\u011fi i\u00e7erisinde Halep\u2019in kuzey k\u0131rsal\u0131na insani yard\u0131m konvoyu g\u00f6nderdi.<\/p>\n<p>Halep Valisi Muhammed Vahit Akkad, SANA muhabirine yapt\u0131\u011f\u0131 a\u00e7\u0131klamada insani yard\u0131m konvoyunda 7 kamyon bulundu\u011funa i\u015faret ederek kamyonlar\u0131n 5600 adet g\u0131da paketi bulundu\u011funu belirtti.<\/p>\n<p>G\u00f6nderilen yard\u0131mlar\u0131n Nubbol, Zehra, Afrin, Ezzaz ve Evram beldeleri sakinlerine da\u011f\u0131t\u0131laca\u011f\u0131na i\u015faret eden Akkad; bu insani yard\u0131m konvoyunun k\u0131sa bir s\u00fcrede 8. Konvoy oldu\u011funa dikkat \u00e7ekerek bu yard\u0131mlar\u0131n s\u00fcrd\u00fcr\u00fclmesi i\u00e7in \u00e7aba harcanaca\u011f\u0131n\u0131 beyan etti.<\/p>\n<p>\u00d6te yandan bug\u00fcn rutin haftal\u0131k toplant\u0131s\u0131n\u0131 d\u00fczenleyen \u0130nsani Yard\u0131m Komisyonu \u015eubesi, Halep ve k\u0131rsal\u0131nda insani yard\u0131m durumunu de\u011ferlendirerek ge\u00e7ti\u011fimiz ay\u0131n \u00e7al\u0131\u015fmalar\u0131n\u0131 inceledi.<\/p>\n<div id='gallery-1' class='gallery galleryid-7830 gallery-columns-2 gallery-size-thumbnail'><figure class='gallery-item'>\n\t\t\t<div class='gallery-icon landscape'>\n\t\t\t\t<a href='https:\/\/archive.sana.sy\/tr\/wp-content\/uploads\/2014\/08\/insani-yard\u0131m-2.jpg'><img loading=\"lazy\" decoding=\"async\" width=\"150\" height=\"79\" src=\"https:\/\/archive.sana.sy\/tr\/wp-content\/uploads\/2014\/08\/insani-yard\u0131m-2-150x79.jpg\" class=\"attachment-thumbnail size-thumbnail\" alt=\"\" srcset=\"https:\/\/archive.sana.sy\/tr\/wp-content\/uploads\/2014\/08\/insani-yard\u0131m-2-150x79.jpg 150w, https:\/\/archive.sana.sy\/tr\/wp-content\/uploads\/2014\/08\/insani-yard\u0131m-2-300x160.jpg 300w, https:\/\/archive.sana.sy\/tr\/wp-content\/uploads\/2014\/08\/insani-yard\u0131m-2.jpg 620w\" sizes=\"auto, (max-width: 150px) 100vw, 150px\" \/><\/a>\n\t\t\t<\/div><\/figure><figure class='gallery-item'>\n\t\t\t<div class='gallery-icon landscape'>\n\t\t\t\t<a href='https:\/\/archive.sana.sy\/tr\/wp-content\/uploads\/2014\/08\/insani-yard\u0131m-3.jpg'><img loading=\"lazy\" decoding=\"async\" width=\"150\" height=\"79\" src=\"https:\/\/archive.sana.sy\/tr\/wp-content\/uploads\/2014\/08\/insani-yard\u0131m-3-150x79.jpg\" class=\"attachment-thumbnail size-thumbnail\" alt=\"\" srcset=\"https:\/\/archive.sana.sy\/tr\/wp-content\/uploads\/2014\/08\/insani-yard\u0131m-3-150x79.jpg 150w, https:\/\/archive.sana.sy\/tr\/wp-content\/uploads\/2014\/08\/insani-yard\u0131m-3-300x160.jpg 300w, https:\/\/archive.sana.sy\/tr\/wp-content\/uploads\/2014\/08\/insani-yard\u0131m-3.jpg 620w\" sizes=\"auto, (max-width: 150px) 100vw, 150px\" \/><\/a>\n\t\t\t<\/div><\/figure>\n\t\t<\/div>\n\n","protected":false},"excerpt":{"rendered":"<p>HALEP \u2013 Halep Valil\u011fi, H\u00fck\u00fcmetten ald\u0131\u011f\u0131 destek ile bug\u00fcn D\u00fcnya G\u0131da Program\u0131 ve K\u0131z\u0131lay ile i\u015fbirli\u011fi i\u00e7erisinde Halep\u2019in kuzey k\u0131rsal\u0131na insani yard\u0131m konvoyu g\u00f6nderdi. Halep Valisi Muhammed Vahit Akkad, SANA muhabirine yapt\u0131\u011f\u0131 a\u00e7\u0131klamada insani yard\u0131m konvoyunda 7 kamyon bulundu\u011funa i\u015faret ederek kamyonlar\u0131n 5600 adet g\u0131da paketi bulundu\u011funu belirtti. G\u00f6nderilen yard\u0131mlar\u0131n Nubbol, Zehra, Afrin, Ezzaz ve &hellip;<\/p>\n","protected":false},"author":1,"featured_media":7831,"comment_status":"closed","ping_status":"closed","sticky":false,"template":"","format":"standard","meta":{"footnotes":""},"categories":[479,478],"tags":[1756],"class_list":["post-7830","post","type-post","status-publish","format-standard","has-post-thumbnail","","category-haberler-yerel","category-yerel","tag-hukumetin-destegi-ile-halep-kirsalina-yardim-konvoyu-gonderildi"],"_links":{"self":[{"href":"https:\/\/archive.sana.sy\/tr\/index.php?rest_route=\/wp\/v2\/posts\/7830","targetHints":{"allow":["GET"]}}],"collection":[{"href":"https:\/\/archive.sana.sy\/tr\/index.php?rest_route=\/wp\/v2\/posts"}],"about":[{"href":"https:\/\/archive.sana.sy\/tr\/index.php?rest_route=\/wp\/v2\/types\/post"}],"author":[{"embeddable":true,"href":"https:\/\/archive.sana.sy\/tr\/index.php?rest_route=\/wp\/v2\/users\/1"}],"replies":[{"embeddable":true,"href":"https:\/\/archive.sana.sy\/tr\/index.php?rest_route=%2Fwp%2Fv2%2Fcomments&post=7830"}],"version-history":[{"count":0,"href":"https:\/\/archive.sana.sy\/tr\/index.php?rest_route=\/wp\/v2\/posts\/7830\/revisions"}],"wp:featuredmedia":[{"embeddable":true,"href":"https:\/\/archive.sana.sy\/tr\/index.php?rest_route=\/wp\/v2\/media\/7831"}],"wp:attachment":[{"href":"https:\/\/archive.sana.sy\/tr\/index.php?rest_route=%2Fwp%2Fv2%2Fmedia&parent=7830"}],"wp:term":[{"taxonomy":"category","embeddable":true,"href":"https:\/\/archive.sana.sy\/tr\/index.php?rest_route=%2Fwp%2Fv2%2Fcategories&post=7830"},{"taxonomy":"post_tag","embeddable":true,"href":"https:\/\/archive.sana.sy\/tr\/index.php?rest_route=%2Fwp%2Fv2%2Ftags&post=7830"}],"curies":[{"name":"wp","href":"https:\/\/api.w.org\/{rel}","templated":true}]}}