{"id":78310,"date":"2016-07-01T22:08:59","date_gmt":"2016-07-01T19:08:59","guid":{"rendered":"http:\/\/www.sana.sy\/tr\/?p=78310"},"modified":"2016-07-02T16:06:09","modified_gmt":"2016-07-02T13:06:09","slug":"isid-terorunun-zulmunden-kacan-yuzlerce-aile-guvenli-bolgelere-ulasti","status":"publish","type":"post","link":"https:\/\/archive.sana.sy\/tr\/?p=78310","title":{"rendered":"I\u015e\u0130D Ter\u00f6r\u00fcn\u00fcn Zulm\u00fcnden Ka\u00e7an Y\u00fczlerce Aile G\u00fcvenli B\u00f6lgelere Ula\u015ft\u0131"},"content":{"rendered":"<p>HOMS \u2013 Rakka, Deyrezzor, Halep, \u0130dlib ve Homs k\u0131rsallar\u0131ndan I\u015e\u0130D ter\u00f6r \u00f6rg\u00fct\u00fcn\u00fcn zulm\u00fcnden ka\u00e7an y\u00fczlerce aile Tedmur Kentinin do\u011fusunda yer alan Batma \u00dc\u00e7genine ula\u015ft\u0131.<\/p>\n<p>I\u015e\u0130D ter\u00f6r \u00f6rg\u00fct\u00fcn\u00fcn zulm\u00fcnden ka\u00e7an vatanda\u015flar bu zul\u00fcmden kurtulmalar\u0131 i\u00e7in \u00e7aba harcayan ve kolayl\u0131k sa\u011flayan Suriye Arap Ordusu kahramanlar\u0131na te\u015fekk\u00fcrlerini sunarak \u00fclkedeki son ter\u00f6rist yok edilinceye kadar direnmeye ve kahraman Suriye Arap Ordusunun yan\u0131nda yer almaya devam edeceklerini vurgulad\u0131lar.<\/p>\n<p>I\u015e\u0130D zulm\u00fcnden dolay\u0131 ya\u015fad\u0131klar\u0131 ac\u0131lar\u0131 anlatan vatanda\u015flar; I\u015e\u0130D ter\u00f6r \u00f6rg\u00fct\u00fcn\u00fcn kad\u0131nlar\u0131 siyah \u00e7ar\u015faf giymeyi dayatt\u0131\u011f\u0131n\u0131, evlerinden \u00e7\u0131kmalar\u0131n\u0131 yasaklad\u0131\u011f\u0131n\u0131, insanlar\u0131n ba\u015flar\u0131n\u0131 kesti\u011fini, derisini y\u00fczd\u00fc\u011f\u00fcn\u00fc ve akla hayali s\u0131\u011fmayacak insanl\u0131k d\u0131\u015f\u0131 su\u00e7lar i\u015fledi\u011fini dile getirdiler.<\/p>\n<p>I\u015e\u0130D ter\u00f6r \u00f6rg\u00fct\u00fcne ba\u011fl\u0131 yabanc\u0131 uyruklu bir \u00e7ok ter\u00f6ristin farkl\u0131 b\u00f6lgelerde emir s\u0131fat\u0131 ile ahkam kesti\u011fini ve s\u00f6z konusu b\u00f6lgelerdeki ahaliye kar\u015f\u0131 ter\u00f6r estirerek zul\u00fcm uygulad\u0131\u011f\u0131n\u0131 ifade eden vatanda\u015flar; bu b\u00f6lgelerde ne \u00e7ocuklar\u0131n e\u011fitim hakk\u0131 bir kenara dursun ya\u015fam haklar\u0131n\u0131n bile bulunmad\u0131\u011f\u0131n\u0131 bir\u00e7o\u011funun da I\u015e\u0130D ter\u00f6ristleri taraf\u0131ndan para kar\u015f\u0131l\u0131\u011f\u0131nda sat\u0131ld\u0131\u011f\u0131n\u0131 belirttiler.<\/p>\n<p>Ter\u00f6r ma\u011fduru vatanda\u015flar ne olursa olsun vatan topraklar\u0131nda kalmakta \u0131srarc\u0131 ve kararl\u0131 olduklar\u0131n\u0131n ifade ederek vatan topraklar\u0131n\u0131 hi\u00e7bir ko\u015fulda terk etmeyeceklerini vurgulad\u0131lar.<\/p>\n","protected":false},"excerpt":{"rendered":"<p>HOMS \u2013 Rakka, Deyrezzor, Halep, \u0130dlib ve Homs k\u0131rsallar\u0131ndan I\u015e\u0130D ter\u00f6r \u00f6rg\u00fct\u00fcn\u00fcn zulm\u00fcnden ka\u00e7an y\u00fczlerce aile Tedmur Kentinin do\u011fusunda yer alan Batma \u00dc\u00e7genine ula\u015ft\u0131. I\u015e\u0130D ter\u00f6r \u00f6rg\u00fct\u00fcn\u00fcn zulm\u00fcnden ka\u00e7an vatanda\u015flar bu zul\u00fcmden kurtulmalar\u0131 i\u00e7in \u00e7aba harcayan ve kolayl\u0131k sa\u011flayan Suriye Arap Ordusu kahramanlar\u0131na te\u015fekk\u00fcrlerini sunarak \u00fclkedeki son ter\u00f6rist yok edilinceye kadar direnmeye ve kahraman Suriye &hellip;<\/p>\n","protected":false},"author":1,"featured_media":78311,"comment_status":"closed","ping_status":"closed","sticky":false,"template":"","format":"standard","meta":{"footnotes":""},"categories":[479,575,17988,478],"tags":[3464,18237,2318,18723,19043,22182,22181,22180],"class_list":["post-78310","post","type-post","status-publish","format-standard","has-post-thumbnail","","category-haberler-yerel","category-olaylar-ve-gercekler","category-son-haberler","category-yerel","tag-nusra-cephesi","tag-cihatcilar","tag-isid","tag-muhalifler","tag-suriyede-son-durum","tag-suriyede-savas","tag-suriyeliler","tag-terorden-kacan-suriyeliler"],"_links":{"self":[{"href":"https:\/\/archive.sana.sy\/tr\/index.php?rest_route=\/wp\/v2\/posts\/78310","targetHints":{"allow":["GET"]}}],"collection":[{"href":"https:\/\/archive.sana.sy\/tr\/index.php?rest_route=\/wp\/v2\/posts"}],"about":[{"href":"https:\/\/archive.sana.sy\/tr\/index.php?rest_route=\/wp\/v2\/types\/post"}],"author":[{"embeddable":true,"href":"https:\/\/archive.sana.sy\/tr\/index.php?rest_route=\/wp\/v2\/users\/1"}],"replies":[{"embeddable":true,"href":"https:\/\/archive.sana.sy\/tr\/index.php?rest_route=%2Fwp%2Fv2%2Fcomments&post=78310"}],"version-history":[{"count":0,"href":"https:\/\/archive.sana.sy\/tr\/index.php?rest_route=\/wp\/v2\/posts\/78310\/revisions"}],"wp:featuredmedia":[{"embeddable":true,"href":"https:\/\/archive.sana.sy\/tr\/index.php?rest_route=\/wp\/v2\/media\/78311"}],"wp:attachment":[{"href":"https:\/\/archive.sana.sy\/tr\/index.php?rest_route=%2Fwp%2Fv2%2Fmedia&parent=78310"}],"wp:term":[{"taxonomy":"category","embeddable":true,"href":"https:\/\/archive.sana.sy\/tr\/index.php?rest_route=%2Fwp%2Fv2%2Fcategories&post=78310"},{"taxonomy":"post_tag","embeddable":true,"href":"https:\/\/archive.sana.sy\/tr\/index.php?rest_route=%2Fwp%2Fv2%2Ftags&post=78310"}],"curies":[{"name":"wp","href":"https:\/\/api.w.org\/{rel}","templated":true}]}}