{"id":78387,"date":"2016-07-02T19:30:03","date_gmt":"2016-07-02T16:30:03","guid":{"rendered":"http:\/\/www.sana.sy\/tr\/?p=78387"},"modified":"2016-07-03T13:54:05","modified_gmt":"2016-07-03T10:54:05","slug":"onlarca-araclari-tasidiklari-cephane-ve-teroristlerle-birlikte-imha-edildi","status":"publish","type":"post","link":"https:\/\/archive.sana.sy\/tr\/?p=78387","title":{"rendered":"Onlarca Ara\u00e7lar\u0131 Ta\u015f\u0131d\u0131klar\u0131 Cephane ve Ter\u00f6ristlerle Birlikte \u0130mha Edildi"},"content":{"rendered":"<p>\u0130LLER \u2013 \u00c7okuluslu tekfirci ve hain ter\u00f6re kar\u015f\u0131 muhtelif b\u00f6lgelerde ba\u015far\u0131lar\u0131n\u0131 s\u00fcrd\u00fcren ordu birliklerimiz bug\u00fcn onlarca arac\u0131 ta\u015f\u0131d\u0131klar\u0131 cephane ve ter\u00f6ristlerle birlikte imha etti.<\/p>\n<p><span style=\"color: #0000ff\">DERA:<\/span><\/p>\n<p>Askeri kaynak SANA\u2019ya a\u00e7\u0131klamas\u0131nda; Dera k\u0131rsal\u0131nda \u0130srail&#8217;den muhtelif t\u00fcr destek ve komuta alan Kaide \u00d6rg\u00fct\u00fcn\u00fcn Suriye kolu Nusra Cephesinin yan\u0131 s\u0131ra \u00e7at\u0131s\u0131 alt\u0131nda muhtelif isimler alt\u0131nda faaliyet g\u00f6steren ter\u00f6r \u00f6rg\u00fctlere y\u00f6nelik operasyonlar\u0131n ba\u015far\u0131yla devam etti\u011fini s\u00f6yledi.<\/p>\n<p>Kaynak Dera Mahatta\u2019n\u0131n bir\u00e7ok yerinde Nusra Cephesi karargahlar\u0131 ve toplanma yerlerinin nitelikli operasyonlarla imha edildiklerini belirtirken, i\u015fgalci \u0130srail\u2019e tabi \u00e7etelerden aralar\u0131nda saha komutanlar\u0131n\u0131n bulundu\u011fu \u00e7ok say\u0131da ter\u00f6ristin ara\u00e7 ve cephaneleriyle birlikte etkisizle\u015ftirildiklerini aktard\u0131.<\/p>\n<p><span style=\"color: #0000ff\">S\u00dcVEYDA:<\/span><\/p>\n<p>SANA\u2019ya a\u00e7\u0131klama yapan askeri bir kaynak ordu birliklerimizin S\u00fcveyda k\u0131rsal\u0131n\u0131n kuzeydo\u011fusu Hurbat Saad B\u00f6lgesinde I\u015e\u0130D\u2019e ait bir k\u0131sm\u0131 a\u011f\u0131r silahlarla donat\u0131lm\u0131\u015f onlarca arac\u0131 ta\u015f\u0131d\u0131klar\u0131 cephane ve ter\u00f6ristlerle birlikte imha ettiklerini aktard\u0131.<\/p>\n<p>Dakik istihbarat bilgileri \u00fczerine tekfircilerin b\u00fcy\u00fck bir ara\u00e7 konvoyunun yo\u011fun ate\u015fe tutuldu\u011funu belirten kaynak, onlarca arac\u0131n ta\u015f\u0131d\u0131klar\u0131 muhtelif t\u00fcr cephane ve y\u00fcksek say\u0131da ter\u00f6ristle birlikte tamamen imha edildiklerini aktard\u0131.<\/p>\n<p>Ordu birliklerimizin Badiye (\u00e7\u00f6l) kenarlar\u0131na d\u00fc\u015fen Hakf K\u00f6y\u00fcnde de I\u015e\u0130D\u2019in bir toplanma yerini imha ettiklerini s\u00f6yleyen kaynak; civardaki sivil b\u00f6lgelere sald\u0131ran tekfircilerin burada say\u0131 ve a\u011f\u0131r silahlar\u0131yla ciddi kay\u0131plara u\u011frat\u0131ld\u0131klar\u0131n\u0131 s\u00f6zlerine ekledi.<\/p>\n","protected":false},"excerpt":{"rendered":"<p>\u0130LLER \u2013 \u00c7okuluslu tekfirci ve hain ter\u00f6re kar\u015f\u0131 muhtelif b\u00f6lgelerde ba\u015far\u0131lar\u0131n\u0131 s\u00fcrd\u00fcren ordu birliklerimiz bug\u00fcn onlarca arac\u0131 ta\u015f\u0131d\u0131klar\u0131 cephane ve ter\u00f6ristlerle birlikte imha etti. DERA: Askeri kaynak SANA\u2019ya a\u00e7\u0131klamas\u0131nda; Dera k\u0131rsal\u0131nda \u0130srail&#8217;den muhtelif t\u00fcr destek ve komuta alan Kaide \u00d6rg\u00fct\u00fcn\u00fcn Suriye kolu Nusra Cephesinin yan\u0131 s\u0131ra \u00e7at\u0131s\u0131 alt\u0131nda muhtelif isimler alt\u0131nda faaliyet g\u00f6steren ter\u00f6r \u00f6rg\u00fctlere &hellip;<\/p>\n","protected":false},"author":1,"featured_media":78379,"comment_status":"closed","ping_status":"closed","sticky":false,"template":"","format":"standard","meta":{"footnotes":""},"categories":[575],"tags":[3464,2318,22210],"class_list":["post-78387","post","type-post","status-publish","format-standard","has-post-thumbnail","","category-olaylar-ve-gercekler","tag-nusra-cephesi","tag-isid","tag-onlarca-araclari-tasidiklari-cephane-ve-teroristlerle-birlikte-imha-edildi"],"_links":{"self":[{"href":"https:\/\/archive.sana.sy\/tr\/index.php?rest_route=\/wp\/v2\/posts\/78387","targetHints":{"allow":["GET"]}}],"collection":[{"href":"https:\/\/archive.sana.sy\/tr\/index.php?rest_route=\/wp\/v2\/posts"}],"about":[{"href":"https:\/\/archive.sana.sy\/tr\/index.php?rest_route=\/wp\/v2\/types\/post"}],"author":[{"embeddable":true,"href":"https:\/\/archive.sana.sy\/tr\/index.php?rest_route=\/wp\/v2\/users\/1"}],"replies":[{"embeddable":true,"href":"https:\/\/archive.sana.sy\/tr\/index.php?rest_route=%2Fwp%2Fv2%2Fcomments&post=78387"}],"version-history":[{"count":0,"href":"https:\/\/archive.sana.sy\/tr\/index.php?rest_route=\/wp\/v2\/posts\/78387\/revisions"}],"wp:featuredmedia":[{"embeddable":true,"href":"https:\/\/archive.sana.sy\/tr\/index.php?rest_route=\/wp\/v2\/media\/78379"}],"wp:attachment":[{"href":"https:\/\/archive.sana.sy\/tr\/index.php?rest_route=%2Fwp%2Fv2%2Fmedia&parent=78387"}],"wp:term":[{"taxonomy":"category","embeddable":true,"href":"https:\/\/archive.sana.sy\/tr\/index.php?rest_route=%2Fwp%2Fv2%2Fcategories&post=78387"},{"taxonomy":"post_tag","embeddable":true,"href":"https:\/\/archive.sana.sy\/tr\/index.php?rest_route=%2Fwp%2Fv2%2Ftags&post=78387"}],"curies":[{"name":"wp","href":"https:\/\/api.w.org\/{rel}","templated":true}]}}