{"id":7839,"date":"2014-08-20T23:44:20","date_gmt":"2014-08-20T20:44:20","guid":{"rendered":"http:\/\/www.sana.sy\/tr\/?p=7839"},"modified":"2014-08-21T13:47:53","modified_gmt":"2014-08-21T10:47:53","slug":"el-esad-konut-cemiyetleri-yada-kamu-kurumlarinin-insa-ettikleri-evlerin-satisi-veya-devredilmesine-iliskin-2-yasama-kararini-onayladi","status":"publish","type":"post","link":"https:\/\/archive.sana.sy\/tr\/?p=7839","title":{"rendered":"El Esad Konut Cemiyetleri Yada Kamu Kurumlar\u0131n\u0131n \u0130n\u015fa Ettikleri Evlerin Sat\u0131\u015f\u0131 veya Devredilmesine \u0130li\u015fkin 2 Yasama Karar\u0131n\u0131 Onaylad\u0131"},"content":{"rendered":"<p>\u015eAM \u2013 Cumhurba\u015fkan\u0131 Be\u015f\u015far el Esad bug\u00fcn konutsal dayan\u0131\u015fmaya ili\u015fkin 2011\/99 say\u0131l\u0131 yasama karar\u0131n\u0131n 35. Maddesinin d\u00fczeltilmesini \u00f6ng\u00f6ren 2014\/36 say\u0131l\u0131 yasama karar\u0131n\u0131 onaylad\u0131.<\/p>\n<p>Yap\u0131lan d\u00fczeltme \u0131\u015f\u0131\u011f\u0131nda konut cemiyetleri arac\u0131l\u0131\u011f\u0131 ile ev sahibi olan vatanda\u015flar, bu evlerini evi teslim almalar\u0131 yada teslim almalar\u0131ndan \u00f6nce ba\u015fka \u015fah\u0131slara devredebilirler. Yasama karar\u0131 konut cemiyetlerinden faydalanan vatanda\u015flar\u0131n evleri ba\u015fkalar\u0131na devretme, devir i\u015flemlerinin tespiti ve mali \u00f6demelerin ko\u015fullar\u0131n\u0131 belirliyor.<\/p>\n<p>\u00d6te yandan Cumhurba\u015fkan\u0131 el Esad bug\u00fcn ayn\u0131 zamanda kamu kurumlar\u0131n\u0131n in\u015fa ettikleri evleri vatanda\u015flara devretme, satma ve sat\u0131n almalar\u0131 i\u015flemlerini d\u00fczenleyen 2014\/37 say\u0131l\u0131 yasama karar\u0131n\u0131 onaylad\u0131.<\/p>\n<p>&nbsp;<\/p>\n","protected":false},"excerpt":{"rendered":"<p>\u015eAM \u2013 Cumhurba\u015fkan\u0131 Be\u015f\u015far el Esad bug\u00fcn konutsal dayan\u0131\u015fmaya ili\u015fkin 2011\/99 say\u0131l\u0131 yasama karar\u0131n\u0131n 35. Maddesinin d\u00fczeltilmesini \u00f6ng\u00f6ren 2014\/36 say\u0131l\u0131 yasama karar\u0131n\u0131 onaylad\u0131. Yap\u0131lan d\u00fczeltme \u0131\u015f\u0131\u011f\u0131nda konut cemiyetleri arac\u0131l\u0131\u011f\u0131 ile ev sahibi olan vatanda\u015flar, bu evlerini evi teslim almalar\u0131 yada teslim almalar\u0131ndan \u00f6nce ba\u015fka \u015fah\u0131slara devredebilirler. Yasama karar\u0131 konut cemiyetlerinden faydalanan vatanda\u015flar\u0131n evleri ba\u015fkalar\u0131na devretme, &hellip;<\/p>\n","protected":false},"author":1,"featured_media":7840,"comment_status":"closed","ping_status":"closed","sticky":false,"template":"","format":"standard","meta":{"footnotes":""},"categories":[605,612,599],"tags":[1758],"class_list":["post-7839","post","type-post","status-publish","format-standard","has-post-thumbnail","","category-sayin-cumhurbaskani","category-yasama-kararnameler","category-yasama-ve-kanunlar","tag-el-esad-konut-cemiyetleri-yada-kamu-kurumlarinin-insa-ettikleri-evlerin-satisi-veya-devredilmesine-iliskin-2-yasama-kararini-onayladi"],"_links":{"self":[{"href":"https:\/\/archive.sana.sy\/tr\/index.php?rest_route=\/wp\/v2\/posts\/7839","targetHints":{"allow":["GET"]}}],"collection":[{"href":"https:\/\/archive.sana.sy\/tr\/index.php?rest_route=\/wp\/v2\/posts"}],"about":[{"href":"https:\/\/archive.sana.sy\/tr\/index.php?rest_route=\/wp\/v2\/types\/post"}],"author":[{"embeddable":true,"href":"https:\/\/archive.sana.sy\/tr\/index.php?rest_route=\/wp\/v2\/users\/1"}],"replies":[{"embeddable":true,"href":"https:\/\/archive.sana.sy\/tr\/index.php?rest_route=%2Fwp%2Fv2%2Fcomments&post=7839"}],"version-history":[{"count":0,"href":"https:\/\/archive.sana.sy\/tr\/index.php?rest_route=\/wp\/v2\/posts\/7839\/revisions"}],"wp:featuredmedia":[{"embeddable":true,"href":"https:\/\/archive.sana.sy\/tr\/index.php?rest_route=\/wp\/v2\/media\/7840"}],"wp:attachment":[{"href":"https:\/\/archive.sana.sy\/tr\/index.php?rest_route=%2Fwp%2Fv2%2Fmedia&parent=7839"}],"wp:term":[{"taxonomy":"category","embeddable":true,"href":"https:\/\/archive.sana.sy\/tr\/index.php?rest_route=%2Fwp%2Fv2%2Fcategories&post=7839"},{"taxonomy":"post_tag","embeddable":true,"href":"https:\/\/archive.sana.sy\/tr\/index.php?rest_route=%2Fwp%2Fv2%2Ftags&post=7839"}],"curies":[{"name":"wp","href":"https:\/\/api.w.org\/{rel}","templated":true}]}}