{"id":78429,"date":"2016-07-02T16:47:33","date_gmt":"2016-07-02T13:47:33","guid":{"rendered":"http:\/\/www.sana.sy\/tr\/?p=78429"},"modified":"2016-07-02T16:47:33","modified_gmt":"2016-07-02T13:47:33","slug":"milli-sporcumuz-mecdettin-gazel-uluslararasi-barselona-forumunda-altin-madalya-kazandi","status":"publish","type":"post","link":"https:\/\/archive.sana.sy\/tr\/?p=78429","title":{"rendered":"Milli Sporcumuz Mecdettin Gazel Uluslararas\u0131 Barselona Forumunda Alt\u0131n madalya Kazand\u0131"},"content":{"rendered":"<p>Milli Sporcumuz Mecdettin Gazel Uluslararas\u0131 Barselona Forumunda Alt\u0131n madalya Kazand\u0131<\/p>\n","protected":false},"excerpt":{"rendered":"<p>Milli Sporcumuz Mecdettin Gazel Uluslararas\u0131 Barselona Forumunda Alt\u0131n madalya Kazand\u0131<\/p>\n","protected":false},"author":1,"featured_media":78430,"comment_status":"closed","ping_status":"closed","sticky":false,"template":"","format":"standard","meta":{"footnotes":""},"categories":[573],"tags":[],"class_list":["post-78429","post","type-post","status-publish","format-standard","has-post-thumbnail","","category-goruntulu-olaylar"],"_links":{"self":[{"href":"https:\/\/archive.sana.sy\/tr\/index.php?rest_route=\/wp\/v2\/posts\/78429","targetHints":{"allow":["GET"]}}],"collection":[{"href":"https:\/\/archive.sana.sy\/tr\/index.php?rest_route=\/wp\/v2\/posts"}],"about":[{"href":"https:\/\/archive.sana.sy\/tr\/index.php?rest_route=\/wp\/v2\/types\/post"}],"author":[{"embeddable":true,"href":"https:\/\/archive.sana.sy\/tr\/index.php?rest_route=\/wp\/v2\/users\/1"}],"replies":[{"embeddable":true,"href":"https:\/\/archive.sana.sy\/tr\/index.php?rest_route=%2Fwp%2Fv2%2Fcomments&post=78429"}],"version-history":[{"count":0,"href":"https:\/\/archive.sana.sy\/tr\/index.php?rest_route=\/wp\/v2\/posts\/78429\/revisions"}],"wp:featuredmedia":[{"embeddable":true,"href":"https:\/\/archive.sana.sy\/tr\/index.php?rest_route=\/wp\/v2\/media\/78430"}],"wp:attachment":[{"href":"https:\/\/archive.sana.sy\/tr\/index.php?rest_route=%2Fwp%2Fv2%2Fmedia&parent=78429"}],"wp:term":[{"taxonomy":"category","embeddable":true,"href":"https:\/\/archive.sana.sy\/tr\/index.php?rest_route=%2Fwp%2Fv2%2Fcategories&post=78429"},{"taxonomy":"post_tag","embeddable":true,"href":"https:\/\/archive.sana.sy\/tr\/index.php?rest_route=%2Fwp%2Fv2%2Ftags&post=78429"}],"curies":[{"name":"wp","href":"https:\/\/api.w.org\/{rel}","templated":true}]}}