{"id":78455,"date":"2016-07-02T17:58:05","date_gmt":"2016-07-02T14:58:05","guid":{"rendered":"http:\/\/www.sana.sy\/tr\/?p=78455"},"modified":"2016-07-02T18:58:30","modified_gmt":"2016-07-02T15:58:30","slug":"halepte-sana-muhabiri-katil-erdogan-rejimine-bagli-teroristlerin-firlattigi-bircok-fuzenin-halep-kentinin-nil-caddesi-ve-halidiye-semtlerine-dusmeleri-sonucunda-13-vatandasin-yarali-dustugun","status":"publish","type":"post","link":"https:\/\/archive.sana.sy\/tr\/?p=78455","title":{"rendered":"Halep\u2019te SANA muhabiri; katil Erdo\u011fan rejimine ba\u011fl\u0131 ter\u00f6ristlerin f\u0131rlatt\u0131\u011f\u0131 bir\u00e7ok f\u00fczenin Halep Kentinin Nil Caddesi ve Halidiye semtlerine d\u00fc\u015fmeleri sonucunda 13 vatanda\u015f\u0131n yaral\u0131 d\u00fc\u015ft\u00fc\u011f\u00fcn\u00fc ifade etti"},"content":{"rendered":"<p>Halep\u2019te SANA muhabiri; katil Erdo\u011fan rejimine ba\u011fl\u0131 ter\u00f6ristlerin f\u0131rlatt\u0131\u011f\u0131 bir\u00e7ok f\u00fczenin Halep Kentinin Nil Caddesi ve Halidiye semtlerine d\u00fc\u015fmeleri sonucunda 13 vatanda\u015f\u0131n yaral\u0131 d\u00fc\u015ft\u00fc\u011f\u00fcn\u00fc ifade etti<\/p>\n","protected":false},"excerpt":{"rendered":"<p>Halep\u2019te SANA muhabiri; katil Erdo\u011fan rejimine ba\u011fl\u0131 ter\u00f6ristlerin f\u0131rlatt\u0131\u011f\u0131 bir\u00e7ok f\u00fczenin Halep Kentinin Nil Caddesi ve Halidiye semtlerine d\u00fc\u015fmeleri sonucunda 13 vatanda\u015f\u0131n yaral\u0131 d\u00fc\u015ft\u00fc\u011f\u00fcn\u00fc ifade etti<\/p>\n","protected":false},"author":1,"featured_media":0,"comment_status":"closed","ping_status":"closed","sticky":false,"template":"","format":"standard","meta":{"footnotes":""},"categories":[17991],"tags":[],"class_list":["post-78455","post","type-post","status-publish","format-standard","","category-son-dakika"],"_links":{"self":[{"href":"https:\/\/archive.sana.sy\/tr\/index.php?rest_route=\/wp\/v2\/posts\/78455","targetHints":{"allow":["GET"]}}],"collection":[{"href":"https:\/\/archive.sana.sy\/tr\/index.php?rest_route=\/wp\/v2\/posts"}],"about":[{"href":"https:\/\/archive.sana.sy\/tr\/index.php?rest_route=\/wp\/v2\/types\/post"}],"author":[{"embeddable":true,"href":"https:\/\/archive.sana.sy\/tr\/index.php?rest_route=\/wp\/v2\/users\/1"}],"replies":[{"embeddable":true,"href":"https:\/\/archive.sana.sy\/tr\/index.php?rest_route=%2Fwp%2Fv2%2Fcomments&post=78455"}],"version-history":[{"count":0,"href":"https:\/\/archive.sana.sy\/tr\/index.php?rest_route=\/wp\/v2\/posts\/78455\/revisions"}],"wp:attachment":[{"href":"https:\/\/archive.sana.sy\/tr\/index.php?rest_route=%2Fwp%2Fv2%2Fmedia&parent=78455"}],"wp:term":[{"taxonomy":"category","embeddable":true,"href":"https:\/\/archive.sana.sy\/tr\/index.php?rest_route=%2Fwp%2Fv2%2Fcategories&post=78455"},{"taxonomy":"post_tag","embeddable":true,"href":"https:\/\/archive.sana.sy\/tr\/index.php?rest_route=%2Fwp%2Fv2%2Ftags&post=78455"}],"curies":[{"name":"wp","href":"https:\/\/api.w.org\/{rel}","templated":true}]}}