{"id":78459,"date":"2016-07-03T16:33:57","date_gmt":"2016-07-03T13:33:57","guid":{"rendered":"http:\/\/www.sana.sy\/tr\/?p=78459"},"modified":"2016-07-04T15:56:26","modified_gmt":"2016-07-04T12:56:26","slug":"dis-guclere-tabi-tekfircilerin-agir-kayiplari-artiyor","status":"publish","type":"post","link":"https:\/\/archive.sana.sy\/tr\/?p=78459","title":{"rendered":"D\u0131\u015f G\u00fc\u00e7lere Tabi Tekfircilerin A\u011f\u0131r Kay\u0131plar\u0131 Art\u0131yor(video)"},"content":{"rendered":"<p>\u0130LLER \u2013 D\u0131\u015f g\u00fc\u00e7lerin deste\u011fi ve komutas\u0131yla d\u00fcnyan\u0131n muhtelif devletlerinden gelip Suriye ve halk\u0131na kar\u015f\u0131 vah\u015fi ter\u00f6r eylemlerinde bulunan tekfirci ve hain \u00e7etelere kar\u015f\u0131 operasyonlar\u0131n\u0131 s\u00fcrd\u00fcren ordu birliklerimiz bug\u00fcn de bu \u00e7eteleri muhtelif b\u00f6lgelerde ciddi kay\u0131plara u\u011fratt\u0131.<\/p>\n<p><span style=\"color: #0000ff\">DEYREZZOR:<\/span><\/p>\n<p>SANA\u2019ya a\u00e7\u0131klama yapan askeri bir kaynak hava g\u00fc\u00e7lerimizin Deyrezzor Havaliman\u0131n\u0131n bat\u0131s\u0131nda I\u015e\u0130D\u2019in bir karargah\u0131n\u0131 i\u00e7indeki ara\u00e7, cephane ve ter\u00f6ristlerle birlikte tamamen imha ettiklerini belirtti.<\/p>\n<p><span style=\"color: #0000ff\">RAKKA:<\/span><\/p>\n<p>Askeri kaynak hava g\u00fc\u00e7lerimizin Rakka Kentinin yakla\u015f\u0131k 55 km bat\u0131s\u0131na d\u00fc\u015fen Tabaka Kav\u015fa\u011f\u0131 yak\u0131nlar\u0131nda I\u015e\u0130D\u2019e ait iki komuta karargah\u0131n\u0131n yan\u0131 s\u0131ra bir k\u0131sm\u0131 a\u011f\u0131r silahlarla donat\u0131lm\u0131\u015f \u00e7ok say\u0131da arac\u0131 imha ettiklerini aktard\u0131.<\/p>\n<p><span style=\"color: #0000ff\">HOMS:<\/span><\/p>\n<p>Di\u011fer yandan askeri bir kaynak hava g\u00fc\u00e7lerimizin Homs k\u0131rsal\u0131n\u0131n do\u011fusu Suhne ve Hneyfis b\u00f6lgelerinde I\u015e\u0130D\u2019in toplanma yerleriyle birlikte bir\u00e7ok ara\u00e7 konvoyunu ta\u015f\u0131d\u0131klar\u0131 ter\u00f6rist ve cephaneyle birlikte imha ettiklerini s\u00f6yledi.<\/p>\n<p>Homs Kentinden yakla\u015f\u0131k 70 km uzakl\u0131kta bulunan Suhne Beldesi, Deyrezzor ve Rakka il idari s\u0131n\u0131rlar\u0131na yak\u0131n d\u00fc\u015fmesiyle tekfirci ter\u00f6ristlerin en \u00f6nemli karargah\u0131 ve destek hatlar\u0131ndan biri say\u0131l\u0131yor.<\/p>\n<p><span style=\"color: #0000ff\">S\u00dcVEYDA:<\/span><\/p>\n<p>Bu arada Askeri bir kaynak SANA\u2019ya a\u00e7\u0131klamas\u0131nda ordu birliklerimizin S\u00fcveyda k\u0131rsal\u0131n\u0131n kuzeydo\u011fu k\u0131rsal\u0131 Kasr K\u00f6y\u00fcnde I\u015e\u0130D\u2019in bir toplanma yerine nitelikli operasyonda bulunduklar\u0131n\u0131 s\u00f6yledi. Kaynak S\u00fcveyda Kentinin yakla\u015f\u0131k 40 km kuzeydo\u011fusuna d\u00fc\u015fen ve I\u015e\u0130D\u2019in Badiye B\u00f6lgesinde en b\u00fcy\u00fck karargahlar\u0131ndan biri say\u0131lan k\u00f6yde d\u00fczenlenen operasyonda tekfircilerin say\u0131 ve cephaneleriyle b\u00fcy\u00fck kay\u0131plara u\u011frat\u0131ld\u0131klar\u0131n\u0131 s\u00f6yledi.<\/p>\n<p>Ordu birliklerimiz d\u00fcn il k\u0131rsal\u0131n\u0131n yine kuzeydo\u011fusu Hurbat Saad B\u00f6lgesinde ter\u00f6rist ve cephane ta\u015f\u0131yan, bir k\u0131sm\u0131 da a\u011f\u0131r silahlarla donat\u0131lm\u0131\u015f olan onlarca arac\u0131 y\u00fckleriyle birlikte imha etmi\u015flerdi.<\/p>\n<p><span style=\"color: #0000ff\">DERA:<\/span><\/p>\n<p>Dera k\u0131rsal\u0131nda \u0130srail\u2019den muhtelif t\u00fcr destek alan ve y\u00f6nlendirmeleriyle faaliyet g\u00f6steren Kaide \u00d6rg\u00fct\u00fcn\u00fcn Suriye kolu Nusra Cephesi ve \u00e7at\u0131s\u0131 alt\u0131ndaki di\u011fer ter\u00f6r \u00f6rg\u00fctlere kar\u015f\u0131 operasyonlar\u0131n ba\u015far\u0131yla devam etti\u011fini belirten askeri bir kaynak SANA\u2019ya a\u00e7\u0131klamas\u0131nda; ordu birliklerimizin bug\u00fcn de ter\u00f6ristleri say\u0131 ve te\u00e7hizatlar\u0131yla ciddi kay\u0131plara u\u011fratt\u0131klar\u0131n\u0131 aktard\u0131.<\/p>\n<p>Kaynak \u00dcrd\u00fcn s\u0131n\u0131rlar\u0131na yak\u0131n olmas\u0131yla tekfircilerin ana karargah ve destek hatlar\u0131ndan biri say\u0131lan Nuayme Beldesinde Nusra Cephesine ait 2 arac\u0131n ta\u015f\u0131d\u0131klar\u0131 cephane ve ter\u00f6ristlerle birlikte imha edildi\u011fini belirtti.<\/p>\n<p>Kaynak Dera Mahatta B\u00f6lgesinde de siper in\u015fa etmeye \u00e7al\u0131\u015fan bir ter\u00f6r grubunun t\u00fcm \u00fcyelerinin \u00f6l\u00fc yaral\u0131 d\u00fc\u015f\u00fcr\u00fcld\u00fc\u011f\u00fcn\u00fc aktard\u0131.<\/p>\n<p>G\u00fcn\u00fcn ilerleyen saatlerinde a\u00e7\u0131klama yapan bir kaynak; ordu birliklerimizin Dera k\u0131rsal\u0131n\u0131n do\u011fusu Busra el \u015eam \u2013 Samad yolunda ter\u00f6ristlere ait bir arac\u0131 y\u00fckleriyle birlikte tamamen imha ettiklerini belirtti.<\/p>\n<p>Bu arada ter\u00f6ristler medya ara\u00e7lar\u0131nda \u2018Horan M\u00fccahitleri T\u00fcmeni\u2019 adl\u0131 \u00e7etelerin s\u00f6zde komutan\u0131 olarak adland\u0131rd\u0131klar\u0131 ve \u2018Hali\u00e7li Ebu Menhel\u2019 lakab\u0131yla bilinen Kas\u0131m Semir\u2019in \u00f6ld\u00fcr\u00fcld\u00fc\u011f\u00fcn\u00fc itiraf etti. Ter\u00f6ristler yay\u0131nlad\u0131klar\u0131 haberde Enhil Beldesinde s\u00f6z konusu \u00e7etelerin bir karargah\u0131na kar\u015f\u0131 ger\u00e7ekle\u015ftirilen bombal\u0131 eylemde ter\u00f6r komutan\u0131 Semir\u2019^le birlikte aralar\u0131nda yine bariz isimlerin bulundu\u011fu \u00e7ok say\u0131da ter\u00f6ristin \u00f6ld\u00fc\u011f\u00fcn\u00fc belirtti.<\/p>\n<p>https:\/\/youtu.be\/4FQ9HPmD93w<\/p>\n<p>R.H.<\/p>\n","protected":false},"excerpt":{"rendered":"<p>\u0130LLER \u2013 D\u0131\u015f g\u00fc\u00e7lerin deste\u011fi ve komutas\u0131yla d\u00fcnyan\u0131n muhtelif devletlerinden gelip Suriye ve halk\u0131na kar\u015f\u0131 vah\u015fi ter\u00f6r eylemlerinde bulunan tekfirci ve hain \u00e7etelere kar\u015f\u0131 operasyonlar\u0131n\u0131 s\u00fcrd\u00fcren ordu birliklerimiz bug\u00fcn de bu \u00e7eteleri muhtelif b\u00f6lgelerde ciddi kay\u0131plara u\u011fratt\u0131. DEYREZZOR: SANA\u2019ya a\u00e7\u0131klama yapan askeri bir kaynak hava g\u00fc\u00e7lerimizin Deyrezzor Havaliman\u0131n\u0131n bat\u0131s\u0131nda I\u015e\u0130D\u2019in bir karargah\u0131n\u0131 i\u00e7indeki ara\u00e7, cephane &hellip;<\/p>\n","protected":false},"author":1,"featured_media":78528,"comment_status":"closed","ping_status":"closed","sticky":false,"template":"","format":"standard","meta":{"footnotes":""},"categories":[575,17988],"tags":[22213],"class_list":["post-78459","post","type-post","status-publish","format-standard","has-post-thumbnail","","category-olaylar-ve-gercekler","category-son-haberler","tag-dis-guclere-tabi-tekfircilerin-agir-kayiplari-artiyor"],"_links":{"self":[{"href":"https:\/\/archive.sana.sy\/tr\/index.php?rest_route=\/wp\/v2\/posts\/78459","targetHints":{"allow":["GET"]}}],"collection":[{"href":"https:\/\/archive.sana.sy\/tr\/index.php?rest_route=\/wp\/v2\/posts"}],"about":[{"href":"https:\/\/archive.sana.sy\/tr\/index.php?rest_route=\/wp\/v2\/types\/post"}],"author":[{"embeddable":true,"href":"https:\/\/archive.sana.sy\/tr\/index.php?rest_route=\/wp\/v2\/users\/1"}],"replies":[{"embeddable":true,"href":"https:\/\/archive.sana.sy\/tr\/index.php?rest_route=%2Fwp%2Fv2%2Fcomments&post=78459"}],"version-history":[{"count":0,"href":"https:\/\/archive.sana.sy\/tr\/index.php?rest_route=\/wp\/v2\/posts\/78459\/revisions"}],"wp:featuredmedia":[{"embeddable":true,"href":"https:\/\/archive.sana.sy\/tr\/index.php?rest_route=\/wp\/v2\/media\/78528"}],"wp:attachment":[{"href":"https:\/\/archive.sana.sy\/tr\/index.php?rest_route=%2Fwp%2Fv2%2Fmedia&parent=78459"}],"wp:term":[{"taxonomy":"category","embeddable":true,"href":"https:\/\/archive.sana.sy\/tr\/index.php?rest_route=%2Fwp%2Fv2%2Fcategories&post=78459"},{"taxonomy":"post_tag","embeddable":true,"href":"https:\/\/archive.sana.sy\/tr\/index.php?rest_route=%2Fwp%2Fv2%2Ftags&post=78459"}],"curies":[{"name":"wp","href":"https:\/\/api.w.org\/{rel}","templated":true}]}}