{"id":78463,"date":"2016-07-03T08:20:26","date_gmt":"2016-07-03T05:20:26","guid":{"rendered":"http:\/\/www.sana.sy\/tr\/?p=78463"},"modified":"2016-07-03T13:24:18","modified_gmt":"2016-07-03T10:24:18","slug":"sanaya-aciklama-yapan-askeri-bir-kaynak-hava-guclerimizin-deyrezzor-havalimaninin-batisinda-isidin-bir-karargahini-icindeki-arac-cephane-ve-teroristlerle-birlikte-tamamen-imha-ettik","status":"publish","type":"post","link":"https:\/\/archive.sana.sy\/tr\/?p=78463","title":{"rendered":"SANA\u2019ya a\u00e7\u0131klama yapan askeri bir kaynak hava g\u00fc\u00e7lerimizin Deyrezzor Havaliman\u0131n\u0131n bat\u0131s\u0131nda I\u015e\u0130D\u2019in bir karargah\u0131n\u0131 i\u00e7indeki ara\u00e7, cephane ve ter\u00f6ristlerle birlikte tamamen imha ettiklerini belirtti"},"content":{"rendered":"<p>SANA\u2019ya a\u00e7\u0131klama yapan askeri bir kaynak hava g\u00fc\u00e7lerimizin Deyrezzor Havaliman\u0131n\u0131n bat\u0131s\u0131nda I\u015e\u0130D\u2019in bir karargah\u0131n\u0131 i\u00e7indeki ara\u00e7, cephane ve ter\u00f6ristlerle birlikte tamamen imha ettiklerini belirtti<\/p>\n","protected":false},"excerpt":{"rendered":"<p>SANA\u2019ya a\u00e7\u0131klama yapan askeri bir kaynak hava g\u00fc\u00e7lerimizin Deyrezzor Havaliman\u0131n\u0131n bat\u0131s\u0131nda I\u015e\u0130D\u2019in bir karargah\u0131n\u0131 i\u00e7indeki ara\u00e7, cephane ve ter\u00f6ristlerle birlikte tamamen imha ettiklerini belirtti<\/p>\n","protected":false},"author":1,"featured_media":0,"comment_status":"closed","ping_status":"closed","sticky":false,"template":"","format":"standard","meta":{"footnotes":""},"categories":[17991],"tags":[],"class_list":["post-78463","post","type-post","status-publish","format-standard","","category-son-dakika"],"_links":{"self":[{"href":"https:\/\/archive.sana.sy\/tr\/index.php?rest_route=\/wp\/v2\/posts\/78463","targetHints":{"allow":["GET"]}}],"collection":[{"href":"https:\/\/archive.sana.sy\/tr\/index.php?rest_route=\/wp\/v2\/posts"}],"about":[{"href":"https:\/\/archive.sana.sy\/tr\/index.php?rest_route=\/wp\/v2\/types\/post"}],"author":[{"embeddable":true,"href":"https:\/\/archive.sana.sy\/tr\/index.php?rest_route=\/wp\/v2\/users\/1"}],"replies":[{"embeddable":true,"href":"https:\/\/archive.sana.sy\/tr\/index.php?rest_route=%2Fwp%2Fv2%2Fcomments&post=78463"}],"version-history":[{"count":0,"href":"https:\/\/archive.sana.sy\/tr\/index.php?rest_route=\/wp\/v2\/posts\/78463\/revisions"}],"wp:attachment":[{"href":"https:\/\/archive.sana.sy\/tr\/index.php?rest_route=%2Fwp%2Fv2%2Fmedia&parent=78463"}],"wp:term":[{"taxonomy":"category","embeddable":true,"href":"https:\/\/archive.sana.sy\/tr\/index.php?rest_route=%2Fwp%2Fv2%2Fcategories&post=78463"},{"taxonomy":"post_tag","embeddable":true,"href":"https:\/\/archive.sana.sy\/tr\/index.php?rest_route=%2Fwp%2Fv2%2Ftags&post=78463"}],"curies":[{"name":"wp","href":"https:\/\/api.w.org\/{rel}","templated":true}]}}