{"id":78467,"date":"2016-07-03T14:03:02","date_gmt":"2016-07-03T11:03:02","guid":{"rendered":"http:\/\/www.sana.sy\/tr\/?p=78467"},"modified":"2016-07-04T15:59:51","modified_gmt":"2016-07-04T12:59:51","slug":"bir-dizi-belde-ve-nokta-terorden-kurtarildi","status":"publish","type":"post","link":"https:\/\/archive.sana.sy\/tr\/?p=78467","title":{"rendered":"Bir Dizi Belde ve Nokta Ter\u00f6rden Kurtar\u0131ld\u0131(video)"},"content":{"rendered":"<p>HOMS \u2013 Askeri bir kaynak ordu birliklerimizin Homs k\u0131rsal\u0131n\u0131n do\u011fusunda I\u015e\u0130D tekfircilerini b\u00fcy\u00fck kay\u0131plara u\u011fratmalar\u0131 ard\u0131ndan stratejik \u00f6neme sahip bir dizi belde, tepe ve noktay\u0131 kontrollerine ge\u00e7irdiklerini belirtti.<\/p>\n<p>Kaynak SANA\u2019ya a\u00e7\u0131klamas\u0131nda Halk Savunma G\u00fc\u00e7leriyle i\u015fbirli\u011fi i\u00e7inde ger\u00e7ekle\u015ftirilen operasyonlarda Mseyiyd, Kuzey M\u015feyrfe, Cub Cerrah ve Salihiye beldelerinin yan\u0131 s\u0131ra Recm el Tavil ve Krez b\u00f6lgeleriyle birlikte 802 noktas\u0131n\u0131 ter\u00f6rden kurtar\u0131p yerel halk\u0131n can ve mal g\u00fcvenli\u011fini sa\u011flad\u0131klar\u0131n\u0131 aktard\u0131.<\/p>\n<p>Operasyonlarda bir k\u0131sm\u0131 a\u011f\u0131r silahlarla donat\u0131lm\u0131\u015f \u00e7ok say\u0131da ara\u00e7la birlikte aralar\u0131nda yabanc\u0131 ve saha komutanlar\u0131n\u0131n bulundu\u011fu y\u00fcksek say\u0131da ter\u00f6ristin \u00f6ld\u00fcr\u00fcld\u00fc\u011f\u00fcn\u00fc belirten kaynak; civar b\u00f6lgeleri de ter\u00f6rden kurtarma operasyonlar\u0131n\u0131n ba\u015far\u0131yla devam etti\u011fini s\u00f6zlerine ekledi.<\/p>\n<p>https:\/\/www.youtube.com\/watch?v=_0Gj5x1Cbts<\/p>\n<p>R.H.<\/p>\n","protected":false},"excerpt":{"rendered":"<p>HOMS \u2013 Askeri bir kaynak ordu birliklerimizin Homs k\u0131rsal\u0131n\u0131n do\u011fusunda I\u015e\u0130D tekfircilerini b\u00fcy\u00fck kay\u0131plara u\u011fratmalar\u0131 ard\u0131ndan stratejik \u00f6neme sahip bir dizi belde, tepe ve noktay\u0131 kontrollerine ge\u00e7irdiklerini belirtti. Kaynak SANA\u2019ya a\u00e7\u0131klamas\u0131nda Halk Savunma G\u00fc\u00e7leriyle i\u015fbirli\u011fi i\u00e7inde ger\u00e7ekle\u015ftirilen operasyonlarda Mseyiyd, Kuzey M\u015feyrfe, Cub Cerrah ve Salihiye beldelerinin yan\u0131 s\u0131ra Recm el Tavil ve Krez b\u00f6lgeleriyle birlikte &hellip;<\/p>\n","protected":false},"author":1,"featured_media":78472,"comment_status":"closed","ping_status":"closed","sticky":false,"template":"","format":"standard","meta":{"footnotes":""},"categories":[575,17988],"tags":[3464,22214,18237,18576,2318,15945,18347,11549,19043,22182,19034,17320],"class_list":["post-78467","post","type-post","status-publish","format-standard","has-post-thumbnail","","category-olaylar-ve-gercekler","category-son-haberler","tag-nusra-cephesi","tag-bir-dizi-belde-ve-nokta-terorden-kurtarildi","tag-cihatcilar","tag-daes","tag-isid","tag-ilimli-muhalifler","tag-oso","tag-suriye-ordusu","tag-suriyede-son-durum","tag-suriyede-savas","tag-suriyeli-muhalifler","tag-tekfirciler"],"_links":{"self":[{"href":"https:\/\/archive.sana.sy\/tr\/index.php?rest_route=\/wp\/v2\/posts\/78467","targetHints":{"allow":["GET"]}}],"collection":[{"href":"https:\/\/archive.sana.sy\/tr\/index.php?rest_route=\/wp\/v2\/posts"}],"about":[{"href":"https:\/\/archive.sana.sy\/tr\/index.php?rest_route=\/wp\/v2\/types\/post"}],"author":[{"embeddable":true,"href":"https:\/\/archive.sana.sy\/tr\/index.php?rest_route=\/wp\/v2\/users\/1"}],"replies":[{"embeddable":true,"href":"https:\/\/archive.sana.sy\/tr\/index.php?rest_route=%2Fwp%2Fv2%2Fcomments&post=78467"}],"version-history":[{"count":0,"href":"https:\/\/archive.sana.sy\/tr\/index.php?rest_route=\/wp\/v2\/posts\/78467\/revisions"}],"wp:featuredmedia":[{"embeddable":true,"href":"https:\/\/archive.sana.sy\/tr\/index.php?rest_route=\/wp\/v2\/media\/78472"}],"wp:attachment":[{"href":"https:\/\/archive.sana.sy\/tr\/index.php?rest_route=%2Fwp%2Fv2%2Fmedia&parent=78467"}],"wp:term":[{"taxonomy":"category","embeddable":true,"href":"https:\/\/archive.sana.sy\/tr\/index.php?rest_route=%2Fwp%2Fv2%2Fcategories&post=78467"},{"taxonomy":"post_tag","embeddable":true,"href":"https:\/\/archive.sana.sy\/tr\/index.php?rest_route=%2Fwp%2Fv2%2Ftags&post=78467"}],"curies":[{"name":"wp","href":"https:\/\/api.w.org\/{rel}","templated":true}]}}