{"id":78474,"date":"2016-07-03T10:23:23","date_gmt":"2016-07-03T07:23:23","guid":{"rendered":"http:\/\/www.sana.sy\/tr\/?p=78474"},"modified":"2016-07-03T14:03:41","modified_gmt":"2016-07-03T11:03:41","slug":"askeri-bir-kaynak-ordu-birliklerimizin-homs-kirsalinin-dogusunda-isid-tekfircilerini-buyuk-kayiplara-ugratmalari-ardindan-stratejik-oneme-sahip-bir-dizi-belde-tepe-ve-noktayi-kontrollerine-gecirdikle","status":"publish","type":"post","link":"https:\/\/archive.sana.sy\/tr\/?p=78474","title":{"rendered":"Askeri bir kaynak ordu birliklerimizin Homs k\u0131rsal\u0131n\u0131n do\u011fusunda I\u015e\u0130D tekfircilerini b\u00fcy\u00fck kay\u0131plara u\u011fratmalar\u0131 ard\u0131ndan stratejik \u00f6neme sahip bir dizi belde, tepe ve noktay\u0131 kontrollerine ge\u00e7irdiklerini belirtti"},"content":{"rendered":"<p>Askeri bir kaynak ordu birliklerimizin Homs k\u0131rsal\u0131n\u0131n do\u011fusunda I\u015e\u0130D tekfircilerini b\u00fcy\u00fck kay\u0131plara u\u011fratmalar\u0131 ard\u0131ndan stratejik \u00f6neme sahip bir dizi belde, tepe ve noktay\u0131 kontrollerine ge\u00e7irdiklerini belirtti<\/p>\n","protected":false},"excerpt":{"rendered":"<p>Askeri bir kaynak ordu birliklerimizin Homs k\u0131rsal\u0131n\u0131n do\u011fusunda I\u015e\u0130D tekfircilerini b\u00fcy\u00fck kay\u0131plara u\u011fratmalar\u0131 ard\u0131ndan stratejik \u00f6neme sahip bir dizi belde, tepe ve noktay\u0131 kontrollerine ge\u00e7irdiklerini belirtti<\/p>\n","protected":false},"author":1,"featured_media":0,"comment_status":"closed","ping_status":"closed","sticky":false,"template":"","format":"standard","meta":{"footnotes":""},"categories":[17991],"tags":[],"class_list":["post-78474","post","type-post","status-publish","format-standard","","category-son-dakika"],"_links":{"self":[{"href":"https:\/\/archive.sana.sy\/tr\/index.php?rest_route=\/wp\/v2\/posts\/78474","targetHints":{"allow":["GET"]}}],"collection":[{"href":"https:\/\/archive.sana.sy\/tr\/index.php?rest_route=\/wp\/v2\/posts"}],"about":[{"href":"https:\/\/archive.sana.sy\/tr\/index.php?rest_route=\/wp\/v2\/types\/post"}],"author":[{"embeddable":true,"href":"https:\/\/archive.sana.sy\/tr\/index.php?rest_route=\/wp\/v2\/users\/1"}],"replies":[{"embeddable":true,"href":"https:\/\/archive.sana.sy\/tr\/index.php?rest_route=%2Fwp%2Fv2%2Fcomments&post=78474"}],"version-history":[{"count":0,"href":"https:\/\/archive.sana.sy\/tr\/index.php?rest_route=\/wp\/v2\/posts\/78474\/revisions"}],"wp:attachment":[{"href":"https:\/\/archive.sana.sy\/tr\/index.php?rest_route=%2Fwp%2Fv2%2Fmedia&parent=78474"}],"wp:term":[{"taxonomy":"category","embeddable":true,"href":"https:\/\/archive.sana.sy\/tr\/index.php?rest_route=%2Fwp%2Fv2%2Fcategories&post=78474"},{"taxonomy":"post_tag","embeddable":true,"href":"https:\/\/archive.sana.sy\/tr\/index.php?rest_route=%2Fwp%2Fv2%2Ftags&post=78474"}],"curies":[{"name":"wp","href":"https:\/\/api.w.org\/{rel}","templated":true}]}}