{"id":78498,"date":"2016-07-03T19:25:59","date_gmt":"2016-07-03T16:25:59","guid":{"rendered":"http:\/\/www.sana.sy\/tr\/?p=78498"},"modified":"2016-07-04T16:00:02","modified_gmt":"2016-07-04T13:00:02","slug":"yeni-kabine-teskil-edildi","status":"publish","type":"post","link":"https:\/\/archive.sana.sy\/tr\/?p=78498","title":{"rendered":"Yeni Kabine Te\u015fkil Edildi"},"content":{"rendered":"<p>\u015eAM \u2013 Cumhurba\u015fkan\u0131 Be\u015f\u015far el Esad bug\u00fcn \u0130mad Muhammed Diyb Hamis ba\u015fkanl\u0131\u011f\u0131ndaki yeni h\u00fck\u00fcmetin te\u015fkilini \u00f6ng\u00f6ren 2016\/203 say\u0131l\u0131 kararnameyi onaylad\u0131.<\/p>\n<p>Kararname gere\u011fince Hamis ba\u015fkanl\u0131\u011f\u0131nda te\u015fkil edilen Suriye Arap Cumhuriyetinin yeni h\u00fck\u00fcmetinde:<\/p>\n<p>Ba\u015fbakan Yard\u0131mc\u0131s\u0131 ve Savunma Bakan\u0131 Korgeneral Fahd Casim el Freyc;<\/p>\n<p>Ba\u015fbakan Yard\u0131mc\u0131s\u0131 D\u0131\u015fi\u015fleri ve Gurbet\u00e7iler Bakan\u0131 Velid el Muallim,<\/p>\n<p>Vak\u0131flar Bakan\u0131 Muhammed Abd\u00fcssettar el Seyit,<\/p>\n<p>Cumhurba\u015fkanl\u0131\u011f\u0131 \u0130\u015fleri Bakan\u0131 Mansur Fadlullah Azzam,<\/p>\n<p>\u0130\u00e7i\u015fleri Bakan\u0131 Muhammed \u0130brahim el \u015eear,<\/p>\n<p>E\u011fitim Bakan\u0131 Hezvan el Vez,<\/p>\n<p>Adalet Bakan\u0131 Necm Hamad el Ahmet,<\/p>\n<p>Bay\u0131nd\u0131rl\u0131k ve \u0130skan Bakan\u0131 H\u00fcseyin Arnus,<\/p>\n<p>Tar\u0131m Bakan\u0131 Ahmet el Kadiri,<\/p>\n<p>Turizm Bakan\u0131 Bu\u015fr Yaz\u0131c\u0131,<\/p>\n<p>\u0130dari Kalk\u0131nma Bakan\u0131 Hassan el Nuri,<\/p>\n<p>Sa\u011fl\u0131k Bakan\u0131 Nizar Vehbi el Yaz\u0131c\u0131<\/p>\n<p>\u00c7al\u0131\u015fma ve Sosyal \u0130\u015fler Bakan\u0131 Rima el Kadiri,<\/p>\n<p>Ekonomi ve D\u0131\u015f Ticaret Bakan\u0131 Edip Meyyale,<\/p>\n<p>Y\u00fcksek \u00d6\u011fretim Bakan\u0131 At\u0131f Neddaf,<\/p>\n<p>\u0130dari Kalk\u0131nma Bakan\u0131 H\u00fcseyin Mahluf,<\/p>\n<p>Petrol ve Madeni Servetler Bakan\u0131 Ali Ganim,<\/p>\n<p>Enformasyon Bakan\u0131 Muhammed Ramiz Terc\u00fcman,<\/p>\n<p>Elektrik Bakan\u0131 Muhammed Z\u00fcheyr Harbutlu,<\/p>\n<p>Maliye Bakan\u0131 Mamun Hamdan,<\/p>\n<p>Sanayi Bakan\u0131 Ahmet el Hamu,<\/p>\n<p>\u0130leti\u015fim ve Teknoloji Bakan\u0131 Ali el Zafiri,<\/p>\n<p>Su Kaynaklar\u0131 Bakan\u0131 Nebil el Hasan,<\/p>\n<p>Ula\u015ft\u0131rma Bakan\u0131 Ali Hammud,<\/p>\n<p>K\u00fclt\u00fcr Bakan\u0131 Muhammed el Ahmet,<\/p>\n<p>\u0130\u00e7 Ticaret ve T\u00fcketiciyi Koruma Bakan\u0131 Abdullah el Kurebi,<\/p>\n<p>Ulusal Uzla\u015fma \u0130\u015flerinden Sorumlu Devlet Bakan\u0131 Ali Haydar,<\/p>\n<p>Devlet Bakan\u0131 Abdullah Abdullah,<\/p>\n<p>Devlet Bakan\u0131 Vefika H\u00fcsn\u00fc,<\/p>\n<p>Devlet Bakan\u0131 Rafi Ebu Asaad,<\/p>\n<p>Devlet Bakan\u0131 Selva Abdullah..<\/p>\n","protected":false},"excerpt":{"rendered":"<p>\u015eAM \u2013 Cumhurba\u015fkan\u0131 Be\u015f\u015far el Esad bug\u00fcn \u0130mad Muhammed Diyb Hamis ba\u015fkanl\u0131\u011f\u0131ndaki yeni h\u00fck\u00fcmetin te\u015fkilini \u00f6ng\u00f6ren 2016\/203 say\u0131l\u0131 kararnameyi onaylad\u0131. Kararname gere\u011fince Hamis ba\u015fkanl\u0131\u011f\u0131nda te\u015fkil edilen Suriye Arap Cumhuriyetinin yeni h\u00fck\u00fcmetinde: Ba\u015fbakan Yard\u0131mc\u0131s\u0131 ve Savunma Bakan\u0131 Korgeneral Fahd Casim el Freyc; Ba\u015fbakan Yard\u0131mc\u0131s\u0131 D\u0131\u015fi\u015fleri ve Gurbet\u00e7iler Bakan\u0131 Velid el Muallim, Vak\u0131flar Bakan\u0131 Muhammed Abd\u00fcssettar el &hellip;<\/p>\n","protected":false},"author":1,"featured_media":78520,"comment_status":"closed","ping_status":"closed","sticky":false,"template":"","format":"standard","meta":{"footnotes":""},"categories":[479,605,17988,612,599,478],"tags":[17256,8767,19946,16714,22224],"class_list":["post-78498","post","type-post","status-publish","format-standard","has-post-thumbnail","","category-haberler-yerel","category-sayin-cumhurbaskani","category-son-haberler","category-yasama-kararnameler","category-yasama-ve-kanunlar","category-yerel","tag-bessar-el-esad","tag-cumhurbaskani","tag-kararname","tag-yasama-karari","tag-yeni-kabine-teskil-edildi"],"_links":{"self":[{"href":"https:\/\/archive.sana.sy\/tr\/index.php?rest_route=\/wp\/v2\/posts\/78498","targetHints":{"allow":["GET"]}}],"collection":[{"href":"https:\/\/archive.sana.sy\/tr\/index.php?rest_route=\/wp\/v2\/posts"}],"about":[{"href":"https:\/\/archive.sana.sy\/tr\/index.php?rest_route=\/wp\/v2\/types\/post"}],"author":[{"embeddable":true,"href":"https:\/\/archive.sana.sy\/tr\/index.php?rest_route=\/wp\/v2\/users\/1"}],"replies":[{"embeddable":true,"href":"https:\/\/archive.sana.sy\/tr\/index.php?rest_route=%2Fwp%2Fv2%2Fcomments&post=78498"}],"version-history":[{"count":0,"href":"https:\/\/archive.sana.sy\/tr\/index.php?rest_route=\/wp\/v2\/posts\/78498\/revisions"}],"wp:featuredmedia":[{"embeddable":true,"href":"https:\/\/archive.sana.sy\/tr\/index.php?rest_route=\/wp\/v2\/media\/78520"}],"wp:attachment":[{"href":"https:\/\/archive.sana.sy\/tr\/index.php?rest_route=%2Fwp%2Fv2%2Fmedia&parent=78498"}],"wp:term":[{"taxonomy":"category","embeddable":true,"href":"https:\/\/archive.sana.sy\/tr\/index.php?rest_route=%2Fwp%2Fv2%2Fcategories&post=78498"},{"taxonomy":"post_tag","embeddable":true,"href":"https:\/\/archive.sana.sy\/tr\/index.php?rest_route=%2Fwp%2Fv2%2Ftags&post=78498"}],"curies":[{"name":"wp","href":"https:\/\/api.w.org\/{rel}","templated":true}]}}