{"id":7850,"date":"2014-08-20T23:31:51","date_gmt":"2014-08-20T20:31:51","guid":{"rendered":"http:\/\/www.sana.sy\/tr\/?p=7850"},"modified":"2014-08-20T23:33:51","modified_gmt":"2014-08-20T20:33:51","slug":"dunya-mescitler-haftasi-munasebetiyle-kultur-festivali-duzenleniyor","status":"publish","type":"post","link":"https:\/\/archive.sana.sy\/tr\/?p=7850","title":{"rendered":"D\u00fcnya Mescitler Haftas\u0131 M\u00fcnasebetiyle K\u00fclt\u00fcr Festivali D\u00fczenleniyor"},"content":{"rendered":"<p>\u015eAM \u2013 D\u00fcnya Mescid Haftas\u0131 m\u00fcnasebetiyle, Vak\u0131flar Bakanl\u0131\u011f\u0131n\u0131n \u015eam \u00dcniversitesi R\u0131za Sait Konferans Salonunda d\u00fczenledi\u011fi \u201cMescitler, Semavi Vahiylerdeki Kutsal De\u011ferler, \u0130slam\u0131n Yay\u0131lmas\u0131, Yery\u00fcz\u00fcn\u00fcn Var Olu\u015fu, \u0130nsan Mutlulu\u011fu\u201d ba\u015fl\u0131kl\u0131 seminerler i\u00e7eren k\u00fclt\u00fcr festivali etkinlikleri bug\u00fcn ba\u015flad\u0131.<\/p>\n<p>\u00d6n\u00fcm\u00fczdeki pazartesi g\u00fcn\u00fcne kadar s\u00fcrecek festivalin kapsam\u0131nda ayr\u0131ca Emevi Camisinin Tarihine ili\u015fkin s\u00f6yle\u015finin yan\u0131 s\u0131ra tarihi mescitlerin restorasyonu, \u00fclkede ya\u015fanan krize kar\u015f\u0131 m\u00fccadelede Vak\u0131flar Bakanl\u0131\u011f\u0131n\u0131n \u00fcstlendi\u011fi misyon gibi konular\u0131n tart\u0131\u015f\u0131laca\u011f\u0131 paneller d\u00fczenlenmesi bekleniyor.<\/p>\n<p>Bilgi ve k\u00fclt\u00fcr f\u0131rt\u0131nas\u0131 niteli\u011fi ta\u015f\u0131yan festivalde g\u00f6rsellik de ihmal edilmemi\u015f ve \u0130srail i\u015fgali alt\u0131nda bulunan Filistin topraklar\u0131n\u0131n sembol\u00fc haline gelen el Aksa camisinin tarihi ve dini \u00f6nemine dikkat \u00e7eken fotolardan olu\u015fan foto\u011fraf sergisi Pazartesi g\u00fcn\u00fcne kadar ziyaret\u00e7ilerini a\u011f\u0131rlamaya haz\u0131rlan\u0131yor.<\/p>\n","protected":false},"excerpt":{"rendered":"<p>\u015eAM \u2013 D\u00fcnya Mescid Haftas\u0131 m\u00fcnasebetiyle, Vak\u0131flar Bakanl\u0131\u011f\u0131n\u0131n \u015eam \u00dcniversitesi R\u0131za Sait Konferans Salonunda d\u00fczenledi\u011fi \u201cMescitler, Semavi Vahiylerdeki Kutsal De\u011ferler, \u0130slam\u0131n Yay\u0131lmas\u0131, Yery\u00fcz\u00fcn\u00fcn Var Olu\u015fu, \u0130nsan Mutlulu\u011fu\u201d ba\u015fl\u0131kl\u0131 seminerler i\u00e7eren k\u00fclt\u00fcr festivali etkinlikleri bug\u00fcn ba\u015flad\u0131. \u00d6n\u00fcm\u00fczdeki pazartesi g\u00fcn\u00fcne kadar s\u00fcrecek festivalin kapsam\u0131nda ayr\u0131ca Emevi Camisinin Tarihine ili\u015fkin s\u00f6yle\u015finin yan\u0131 s\u0131ra tarihi mescitlerin restorasyonu, \u00fclkede ya\u015fanan &hellip;<\/p>\n","protected":false},"author":1,"featured_media":7847,"comment_status":"closed","ping_status":"closed","sticky":false,"template":"","format":"standard","meta":{"footnotes":""},"categories":[479,447,478],"tags":[1760],"class_list":["post-7850","post","type-post","status-publish","format-standard","has-post-thumbnail","","category-haberler-yerel","category-politika","category-yerel","tag-dunya-mescitler-haftasi-munasebetiyle-kultur-festivali-duzenleniyor"],"_links":{"self":[{"href":"https:\/\/archive.sana.sy\/tr\/index.php?rest_route=\/wp\/v2\/posts\/7850","targetHints":{"allow":["GET"]}}],"collection":[{"href":"https:\/\/archive.sana.sy\/tr\/index.php?rest_route=\/wp\/v2\/posts"}],"about":[{"href":"https:\/\/archive.sana.sy\/tr\/index.php?rest_route=\/wp\/v2\/types\/post"}],"author":[{"embeddable":true,"href":"https:\/\/archive.sana.sy\/tr\/index.php?rest_route=\/wp\/v2\/users\/1"}],"replies":[{"embeddable":true,"href":"https:\/\/archive.sana.sy\/tr\/index.php?rest_route=%2Fwp%2Fv2%2Fcomments&post=7850"}],"version-history":[{"count":0,"href":"https:\/\/archive.sana.sy\/tr\/index.php?rest_route=\/wp\/v2\/posts\/7850\/revisions"}],"wp:featuredmedia":[{"embeddable":true,"href":"https:\/\/archive.sana.sy\/tr\/index.php?rest_route=\/wp\/v2\/media\/7847"}],"wp:attachment":[{"href":"https:\/\/archive.sana.sy\/tr\/index.php?rest_route=%2Fwp%2Fv2%2Fmedia&parent=7850"}],"wp:term":[{"taxonomy":"category","embeddable":true,"href":"https:\/\/archive.sana.sy\/tr\/index.php?rest_route=%2Fwp%2Fv2%2Fcategories&post=7850"},{"taxonomy":"post_tag","embeddable":true,"href":"https:\/\/archive.sana.sy\/tr\/index.php?rest_route=%2Fwp%2Fv2%2Ftags&post=7850"}],"curies":[{"name":"wp","href":"https:\/\/api.w.org\/{rel}","templated":true}]}}