{"id":78502,"date":"2016-07-03T16:30:04","date_gmt":"2016-07-03T13:30:04","guid":{"rendered":"http:\/\/www.sana.sy\/tr\/?p=78502"},"modified":"2016-07-04T11:52:47","modified_gmt":"2016-07-04T08:52:47","slug":"kanit-olarak-olumsuzlestirecegiz","status":"publish","type":"post","link":"https:\/\/archive.sana.sy\/tr\/?p=78502","title":{"rendered":"Kan\u0131t Olarak \u00d6l\u00fcms\u00fczle\u015ftirece\u011fiz"},"content":{"rendered":"<p>\u015eAM \u2013 \u015eam \u00dcniversitesi bug\u00fcn, daha \u00f6nce ter\u00f6r sald\u0131r\u0131lar\u0131 sonucunda \u015fehit d\u00fc\u015fen iki \u00f6\u011frencisinin ailelerine \u015fehit \u00f6\u011frencileri ad\u0131na fahri diploma verdi.<\/p>\n<p><a href=\"http:\/\/www.sana.sy\/tr\/wp-content\/uploads\/2016\/07\/\u015eam-\u00fcniversitesi-1.jpg\"><img loading=\"lazy\" decoding=\"async\" class=\"alignright wp-image-78513 size-medium\" src=\"http:\/\/www.sana.sy\/tr\/wp-content\/uploads\/2016\/07\/\u015eam-\u00fcniversitesi-1-300x185.jpg\" alt=\"\u015eam \u00fcniversitesi 1\" width=\"300\" height=\"185\" srcset=\"https:\/\/archive.sana.sy\/tr\/wp-content\/uploads\/2016\/07\/\u015eam-\u00fcniversitesi-1-300x185.jpg 300w, https:\/\/archive.sana.sy\/tr\/wp-content\/uploads\/2016\/07\/\u015eam-\u00fcniversitesi-1-150x92.jpg 150w, https:\/\/archive.sana.sy\/tr\/wp-content\/uploads\/2016\/07\/\u015eam-\u00fcniversitesi-1-768x473.jpg 768w, https:\/\/archive.sana.sy\/tr\/wp-content\/uploads\/2016\/07\/\u015eam-\u00fcniversitesi-1-1024x631.jpg 1024w\" sizes=\"auto, (max-width: 300px) 100vw, 300px\" \/><\/a>\u00dcniversite Rekt\u00f6r\u00fc Muhammed Hassan el K\u00fcrdi, bas\u0131n mensuplar\u0131na yapt\u0131\u011f\u0131 a\u00e7\u0131klamada; \u00fcniversite kurulunun \u015fehit \u00f6\u011frencilerine takdirin bir ifadesi olarak ailelerine fahri diploma verme karar\u0131 ald\u0131\u011f\u0131n\u0131 s\u00f6yledi.<\/p>\n<p>Rekt\u00f6r K\u00fcrdi, ter\u00f6r sald\u0131r\u0131lar\u0131 sonucunda krizin ba\u015f\u0131ndan bu yana \u015eam \u00dcniversitesi personelleri ve \u00f6\u011frencilerinden 119 ki\u015finin \u015fehit d\u00fc\u015ft\u00fc\u011f\u00fcne dikkat \u00e7ekti. \u00dcniversitenin t\u00fcm bu \u015fehitlerini belgeledi\u011fini ifade eden K\u00fcrdi, T\u00fcrkiye ve daha ba\u015fka kimi devletlerin destekledikleri ter\u00f6ristlerin bilim ve kurumlar\u0131n\u0131n yan\u0131 s\u0131ra \u00f6\u011frenci ve \u00e7al\u0131\u015fanlar\u0131n\u0131 da sistematik bir \u015fekilde hedef ald\u0131klar\u0131n\u0131n bir kan\u0131t\u0131 olarak \u00f6l\u00fcms\u00fczle\u015ftirece\u011finin alt\u0131n\u0131 \u00e7izdi.<\/p>\n<p>\u015eam \u00dcniversitesinde \u015eehitler Ofisi Ba\u015fkan\u0131 Eyham el Horani ise; \u00fcniversitenin sa\u011flanan kar\u0131n \u015fehit ailelerine destek olarak ayr\u0131ld\u0131\u011f\u0131 bir dizi faaliyette bulundu\u011funa dikkat \u00e7ekti.<\/p>\n<div id='gallery-1' class='gallery galleryid-78502 gallery-columns-2 gallery-size-medium'><figure class='gallery-item'>\n\t\t\t<div class='gallery-icon landscape'>\n\t\t\t\t<a href='https:\/\/archive.sana.sy\/tr\/wp-content\/uploads\/2016\/07\/\u015eam-\u00fcniversitesi-3.jpg'><img loading=\"lazy\" decoding=\"async\" width=\"300\" height=\"197\" src=\"https:\/\/archive.sana.sy\/tr\/wp-content\/uploads\/2016\/07\/\u015eam-\u00fcniversitesi-3-300x197.jpg\" class=\"attachment-medium size-medium\" alt=\"\" srcset=\"https:\/\/archive.sana.sy\/tr\/wp-content\/uploads\/2016\/07\/\u015eam-\u00fcniversitesi-3-300x197.jpg 300w, https:\/\/archive.sana.sy\/tr\/wp-content\/uploads\/2016\/07\/\u015eam-\u00fcniversitesi-3-150x99.jpg 150w, https:\/\/archive.sana.sy\/tr\/wp-content\/uploads\/2016\/07\/\u015eam-\u00fcniversitesi-3-768x505.jpg 768w, https:\/\/archive.sana.sy\/tr\/wp-content\/uploads\/2016\/07\/\u015eam-\u00fcniversitesi-3-1024x673.jpg 1024w, https:\/\/archive.sana.sy\/tr\/wp-content\/uploads\/2016\/07\/\u015eam-\u00fcniversitesi-3-310x205.jpg 310w\" sizes=\"auto, (max-width: 300px) 100vw, 300px\" \/><\/a>\n\t\t\t<\/div><\/figure><figure class='gallery-item'>\n\t\t\t<div class='gallery-icon landscape'>\n\t\t\t\t<a href='https:\/\/archive.sana.sy\/tr\/wp-content\/uploads\/2016\/07\/\u015eam-\u00fcniversitesi-4.jpg'><img loading=\"lazy\" decoding=\"async\" width=\"300\" height=\"208\" src=\"https:\/\/archive.sana.sy\/tr\/wp-content\/uploads\/2016\/07\/\u015eam-\u00fcniversitesi-4-300x208.jpg\" class=\"attachment-medium size-medium\" alt=\"\" srcset=\"https:\/\/archive.sana.sy\/tr\/wp-content\/uploads\/2016\/07\/\u015eam-\u00fcniversitesi-4-300x208.jpg 300w, https:\/\/archive.sana.sy\/tr\/wp-content\/uploads\/2016\/07\/\u015eam-\u00fcniversitesi-4-150x104.jpg 150w, https:\/\/archive.sana.sy\/tr\/wp-content\/uploads\/2016\/07\/\u015eam-\u00fcniversitesi-4-768x534.jpg 768w, https:\/\/archive.sana.sy\/tr\/wp-content\/uploads\/2016\/07\/\u015eam-\u00fcniversitesi-4-1024x712.jpg 1024w, https:\/\/archive.sana.sy\/tr\/wp-content\/uploads\/2016\/07\/\u015eam-\u00fcniversitesi-4-110x75.jpg 110w\" sizes=\"auto, (max-width: 300px) 100vw, 300px\" \/><\/a>\n\t\t\t<\/div><\/figure><figure class='gallery-item'>\n\t\t\t<div class='gallery-icon landscape'>\n\t\t\t\t<a href='https:\/\/archive.sana.sy\/tr\/wp-content\/uploads\/2016\/07\/\u015eam-\u00fcniversitesi-5.jpg'><img loading=\"lazy\" decoding=\"async\" width=\"300\" height=\"207\" src=\"https:\/\/archive.sana.sy\/tr\/wp-content\/uploads\/2016\/07\/\u015eam-\u00fcniversitesi-5-300x207.jpg\" class=\"attachment-medium size-medium\" alt=\"\" srcset=\"https:\/\/archive.sana.sy\/tr\/wp-content\/uploads\/2016\/07\/\u015eam-\u00fcniversitesi-5-300x207.jpg 300w, https:\/\/archive.sana.sy\/tr\/wp-content\/uploads\/2016\/07\/\u015eam-\u00fcniversitesi-5-150x103.jpg 150w, https:\/\/archive.sana.sy\/tr\/wp-content\/uploads\/2016\/07\/\u015eam-\u00fcniversitesi-5-768x529.jpg 768w, https:\/\/archive.sana.sy\/tr\/wp-content\/uploads\/2016\/07\/\u015eam-\u00fcniversitesi-5-1024x705.jpg 1024w, https:\/\/archive.sana.sy\/tr\/wp-content\/uploads\/2016\/07\/\u015eam-\u00fcniversitesi-5-110x75.jpg 110w\" sizes=\"auto, (max-width: 300px) 100vw, 300px\" \/><\/a>\n\t\t\t<\/div><\/figure><figure class='gallery-item'>\n\t\t\t<div class='gallery-icon landscape'>\n\t\t\t\t<a href='https:\/\/archive.sana.sy\/tr\/wp-content\/uploads\/2016\/07\/\u015eam-\u00fcniversitesi-2.jpg'><img loading=\"lazy\" decoding=\"async\" width=\"300\" height=\"188\" src=\"https:\/\/archive.sana.sy\/tr\/wp-content\/uploads\/2016\/07\/\u015eam-\u00fcniversitesi-2-300x188.jpg\" class=\"attachment-medium size-medium\" alt=\"\" srcset=\"https:\/\/archive.sana.sy\/tr\/wp-content\/uploads\/2016\/07\/\u015eam-\u00fcniversitesi-2-300x188.jpg 300w, https:\/\/archive.sana.sy\/tr\/wp-content\/uploads\/2016\/07\/\u015eam-\u00fcniversitesi-2-150x94.jpg 150w, https:\/\/archive.sana.sy\/tr\/wp-content\/uploads\/2016\/07\/\u015eam-\u00fcniversitesi-2-768x482.jpg 768w, https:\/\/archive.sana.sy\/tr\/wp-content\/uploads\/2016\/07\/\u015eam-\u00fcniversitesi-2-1024x643.jpg 1024w\" sizes=\"auto, (max-width: 300px) 100vw, 300px\" \/><\/a>\n\t\t\t<\/div><\/figure>\n\t\t<\/div>\n\n","protected":false},"excerpt":{"rendered":"<p>\u015eAM \u2013 \u015eam \u00dcniversitesi bug\u00fcn, daha \u00f6nce ter\u00f6r sald\u0131r\u0131lar\u0131 sonucunda \u015fehit d\u00fc\u015fen iki \u00f6\u011frencisinin ailelerine \u015fehit \u00f6\u011frencileri ad\u0131na fahri diploma verdi. \u00dcniversite Rekt\u00f6r\u00fc Muhammed Hassan el K\u00fcrdi, bas\u0131n mensuplar\u0131na yapt\u0131\u011f\u0131 a\u00e7\u0131klamada; \u00fcniversite kurulunun \u015fehit \u00f6\u011frencilerine takdirin bir ifadesi olarak ailelerine fahri diploma verme karar\u0131 ald\u0131\u011f\u0131n\u0131 s\u00f6yledi. Rekt\u00f6r K\u00fcrdi, ter\u00f6r sald\u0131r\u0131lar\u0131 sonucunda krizin ba\u015f\u0131ndan bu yana &hellip;<\/p>\n","protected":false},"author":1,"featured_media":78512,"comment_status":"closed","ping_status":"closed","sticky":false,"template":"","format":"standard","meta":{"footnotes":""},"categories":[479,17988,478],"tags":[22225],"class_list":["post-78502","post","type-post","status-publish","format-standard","has-post-thumbnail","","category-haberler-yerel","category-son-haberler","category-yerel","tag-kanit-olarak-olumsuzlestirecegiz"],"_links":{"self":[{"href":"https:\/\/archive.sana.sy\/tr\/index.php?rest_route=\/wp\/v2\/posts\/78502","targetHints":{"allow":["GET"]}}],"collection":[{"href":"https:\/\/archive.sana.sy\/tr\/index.php?rest_route=\/wp\/v2\/posts"}],"about":[{"href":"https:\/\/archive.sana.sy\/tr\/index.php?rest_route=\/wp\/v2\/types\/post"}],"author":[{"embeddable":true,"href":"https:\/\/archive.sana.sy\/tr\/index.php?rest_route=\/wp\/v2\/users\/1"}],"replies":[{"embeddable":true,"href":"https:\/\/archive.sana.sy\/tr\/index.php?rest_route=%2Fwp%2Fv2%2Fcomments&post=78502"}],"version-history":[{"count":0,"href":"https:\/\/archive.sana.sy\/tr\/index.php?rest_route=\/wp\/v2\/posts\/78502\/revisions"}],"wp:featuredmedia":[{"embeddable":true,"href":"https:\/\/archive.sana.sy\/tr\/index.php?rest_route=\/wp\/v2\/media\/78512"}],"wp:attachment":[{"href":"https:\/\/archive.sana.sy\/tr\/index.php?rest_route=%2Fwp%2Fv2%2Fmedia&parent=78502"}],"wp:term":[{"taxonomy":"category","embeddable":true,"href":"https:\/\/archive.sana.sy\/tr\/index.php?rest_route=%2Fwp%2Fv2%2Fcategories&post=78502"},{"taxonomy":"post_tag","embeddable":true,"href":"https:\/\/archive.sana.sy\/tr\/index.php?rest_route=%2Fwp%2Fv2%2Ftags&post=78502"}],"curies":[{"name":"wp","href":"https:\/\/api.w.org\/{rel}","templated":true}]}}