{"id":78517,"date":"2016-07-03T16:00:00","date_gmt":"2016-07-03T13:00:00","guid":{"rendered":"http:\/\/www.sana.sy\/tr\/?p=78517"},"modified":"2016-07-04T11:52:33","modified_gmt":"2016-07-04T08:52:33","slug":"hasekede-90-sehit-ailesi-onurlandirildi","status":"publish","type":"post","link":"https:\/\/archive.sana.sy\/tr\/?p=78517","title":{"rendered":"Haseke\u2019de 90 \u015eehit Ailesi Onurland\u0131r\u0131ld\u0131"},"content":{"rendered":"<p>HASEKE \u2013 Vatan\u0131n egemenli\u011fi ve toprak b\u00fct\u00fcnl\u00fc\u011f\u00fc u\u011fruna canlar\u0131n\u0131 feda eden \u015fehitlerimize takdir ve vefan\u0131n bir ifadesi olarak Haseke Valili\u011fi bug\u00fcn Halk Savunma G\u00fc\u00e7lerinden 90 \u015fehidimizin ailesine onur t\u00f6reni d\u00fczenledi.<\/p>\n<p>Onurland\u0131r\u0131lan \u015fehit anneleri SANA\u2019n\u0131n Haseke muhabirine a\u00e7\u0131klamalar\u0131nda; Suriye ve halk\u0131n\u0131 hedef alan planlar\u0131n bilincinde olmalar\u0131yla vatan egemenli\u011fi ve b\u00fct\u00fcnl\u00fc\u011f\u00fc i\u00e7in canlar\u0131n\u0131 feda eden o\u011fullar\u0131n\u0131n sonsuza dek onur kayna\u011f\u0131 olarak kalaca\u011f\u0131n\u0131 ifade etti. Ter\u00f6ristler ve i\u015fverenleri d\u0131\u015f g\u00fc\u00e7lerin Suriye&#8217;nin egemenli\u011fi ve toprak b\u00fct\u00fcnl\u00fc\u011f\u00fcn\u00fcn yan\u0131 s\u0131ra halk\u0131n\u0131n da onur, \u0131rz ve g\u00fcvenli\u011fini hedef ald\u0131klar\u0131na dikkat \u00e7eken \u015fehit anneleri; ter\u00f6r ve d\u0131\u015f planlara kar\u015f\u0131 koyman\u0131n yurtsever ve onurlu her vatanda\u015f\u0131n g\u00f6revi oldu\u011funu belirtti.<\/p>\n<p>Haseke Valisi Muhammed Zeal el Ali ise t\u00f6rende yapt\u0131\u011f\u0131 konu\u015fmada \u015fehitlerimize vefa ve bizlere b\u0131rakt\u0131klar\u0131 emanete sahip \u00e7\u0131kman\u0131n ulusal bir g\u00f6reve b\u00fcy\u00fck bir onur oldu\u011funu ifade etti.<\/p>\n<div id='gallery-1' class='gallery galleryid-78517 gallery-columns-2 gallery-size-medium'><figure class='gallery-item'>\n\t\t\t<div class='gallery-icon landscape'>\n\t\t\t\t<a href='https:\/\/archive.sana.sy\/tr\/wp-content\/uploads\/2016\/07\/haseke-1.jpg'><img loading=\"lazy\" decoding=\"async\" width=\"300\" height=\"191\" src=\"https:\/\/archive.sana.sy\/tr\/wp-content\/uploads\/2016\/07\/haseke-1-300x191.jpg\" class=\"attachment-medium size-medium\" alt=\"\" srcset=\"https:\/\/archive.sana.sy\/tr\/wp-content\/uploads\/2016\/07\/haseke-1-300x191.jpg 300w, https:\/\/archive.sana.sy\/tr\/wp-content\/uploads\/2016\/07\/haseke-1-150x96.jpg 150w, https:\/\/archive.sana.sy\/tr\/wp-content\/uploads\/2016\/07\/haseke-1.jpg 660w\" sizes=\"auto, (max-width: 300px) 100vw, 300px\" \/><\/a>\n\t\t\t<\/div><\/figure><figure class='gallery-item'>\n\t\t\t<div class='gallery-icon landscape'>\n\t\t\t\t<a href='https:\/\/archive.sana.sy\/tr\/wp-content\/uploads\/2016\/07\/haseke.jpg'><img loading=\"lazy\" decoding=\"async\" width=\"300\" height=\"225\" src=\"https:\/\/archive.sana.sy\/tr\/wp-content\/uploads\/2016\/07\/haseke-300x225.jpg\" class=\"attachment-medium size-medium\" alt=\"\" srcset=\"https:\/\/archive.sana.sy\/tr\/wp-content\/uploads\/2016\/07\/haseke-300x225.jpg 300w, https:\/\/archive.sana.sy\/tr\/wp-content\/uploads\/2016\/07\/haseke-150x113.jpg 150w, https:\/\/archive.sana.sy\/tr\/wp-content\/uploads\/2016\/07\/haseke.jpg 700w\" sizes=\"auto, (max-width: 300px) 100vw, 300px\" \/><\/a>\n\t\t\t<\/div><\/figure>\n\t\t<\/div>\n\n","protected":false},"excerpt":{"rendered":"<p>HASEKE \u2013 Vatan\u0131n egemenli\u011fi ve toprak b\u00fct\u00fcnl\u00fc\u011f\u00fc u\u011fruna canlar\u0131n\u0131 feda eden \u015fehitlerimize takdir ve vefan\u0131n bir ifadesi olarak Haseke Valili\u011fi bug\u00fcn Halk Savunma G\u00fc\u00e7lerinden 90 \u015fehidimizin ailesine onur t\u00f6reni d\u00fczenledi. Onurland\u0131r\u0131lan \u015fehit anneleri SANA\u2019n\u0131n Haseke muhabirine a\u00e7\u0131klamalar\u0131nda; Suriye ve halk\u0131n\u0131 hedef alan planlar\u0131n bilincinde olmalar\u0131yla vatan egemenli\u011fi ve b\u00fct\u00fcnl\u00fc\u011f\u00fc i\u00e7in canlar\u0131n\u0131 feda eden o\u011fullar\u0131n\u0131n sonsuza &hellip;<\/p>\n","protected":false},"author":1,"featured_media":78524,"comment_status":"closed","ping_status":"closed","sticky":false,"template":"","format":"standard","meta":{"footnotes":""},"categories":[479,17988,478],"tags":[22226],"class_list":["post-78517","post","type-post","status-publish","format-standard","has-post-thumbnail","","category-haberler-yerel","category-son-haberler","category-yerel","tag-hasekede-90-sehit-ailesi-onurlandirildi"],"_links":{"self":[{"href":"https:\/\/archive.sana.sy\/tr\/index.php?rest_route=\/wp\/v2\/posts\/78517","targetHints":{"allow":["GET"]}}],"collection":[{"href":"https:\/\/archive.sana.sy\/tr\/index.php?rest_route=\/wp\/v2\/posts"}],"about":[{"href":"https:\/\/archive.sana.sy\/tr\/index.php?rest_route=\/wp\/v2\/types\/post"}],"author":[{"embeddable":true,"href":"https:\/\/archive.sana.sy\/tr\/index.php?rest_route=\/wp\/v2\/users\/1"}],"replies":[{"embeddable":true,"href":"https:\/\/archive.sana.sy\/tr\/index.php?rest_route=%2Fwp%2Fv2%2Fcomments&post=78517"}],"version-history":[{"count":0,"href":"https:\/\/archive.sana.sy\/tr\/index.php?rest_route=\/wp\/v2\/posts\/78517\/revisions"}],"wp:featuredmedia":[{"embeddable":true,"href":"https:\/\/archive.sana.sy\/tr\/index.php?rest_route=\/wp\/v2\/media\/78524"}],"wp:attachment":[{"href":"https:\/\/archive.sana.sy\/tr\/index.php?rest_route=%2Fwp%2Fv2%2Fmedia&parent=78517"}],"wp:term":[{"taxonomy":"category","embeddable":true,"href":"https:\/\/archive.sana.sy\/tr\/index.php?rest_route=%2Fwp%2Fv2%2Fcategories&post=78517"},{"taxonomy":"post_tag","embeddable":true,"href":"https:\/\/archive.sana.sy\/tr\/index.php?rest_route=%2Fwp%2Fv2%2Ftags&post=78517"}],"curies":[{"name":"wp","href":"https:\/\/api.w.org\/{rel}","templated":true}]}}