{"id":7852,"date":"2014-08-20T23:40:10","date_gmt":"2014-08-20T20:40:10","guid":{"rendered":"http:\/\/www.sana.sy\/tr\/?p=7852"},"modified":"2014-08-21T14:57:04","modified_gmt":"2014-08-21T11:57:04","slug":"kunaytra-kirsalinda-ulusal-uzlasma-cabalari-ilerlemesiyle-silah-namlulari-yeniden-dusmana-cevrilmeli","status":"publish","type":"post","link":"https:\/\/archive.sana.sy\/tr\/?p=7852","title":{"rendered":"Kunaytra K\u0131rsal\u0131nda Ulusal Uzla\u015fma \u00c7abalar\u0131 \u0130lerlemesiyle Silah Namlular\u0131 Yeniden D\u00fc\u015fmana \u00c7evrilmeli"},"content":{"rendered":"<p>\u015eAM \u2013 \u0130\u015flemleri Y\u00fcr\u00fctmekle M\u00fckellef Kabinede Ulusal Uzla\u015fmadan Sorumlu Devlet Bakan\u0131 Ali Haydar; bakanl\u0131\u011f\u0131n yurdun t\u00fcm b\u00f6lgelerinde ulusal uzla\u015fma \u00e7abalar\u0131n\u0131 ba\u015far\u0131ya ula\u015ft\u0131rma azim ve kararl\u0131l\u0131\u011f\u0131n\u0131 belirtti.<\/p>\n<p>\u00c7erkes Dan\u0131\u015fma Kurulu \u00fcyeleriyle bug\u00fcn bir araya gelen Haydar \u00f6zellikle Kunaytra k\u0131rsal\u0131ndaki k\u00f6y ve beldelerde ulusal uzla\u015fma \u00e7al\u0131\u015fmalar\u0131n\u0131n ba\u015far\u0131l\u0131 olmas\u0131yla birlikte silah namlular\u0131n\u0131n yeniden d\u00fc\u015fman \u0130srail\u2019e y\u00f6nlendirilmesi gere\u011finin alt\u0131n\u0131 \u00e7izdi.<\/p>\n<p>D\u00fc\u015fman Siyonist \u0130srail\u2019in durumlar\u0131 f\u0131rsat bilerek ter\u00f6r \u00e7etelerine her t\u00fcrl\u00fc deste\u011fi takdim ettiklerini ifade eden Haydar; b\u00f6lgede ya\u015fananlar\u0131n Siyoamerikan projelere hizmet etti\u011fine dikkat \u00e7ekti.<\/p>\n<p>Haydar bakanl\u0131\u011f\u0131n sivil toplum kurumlar\u0131 ve halk \u00f6rg\u00fctleriyle i\u015fbirli\u011fi i\u00e7inde Kunaytra k\u0131rsal\u0131nda oyuna getirilen \u00e7ok say\u0131da vatanda\u015f\u0131n kanuni durumlar\u0131n\u0131 d\u00fczeltip yeniden vatan kuca\u011f\u0131na getirdi\u011fine i\u015faret etti.<\/p>\n<p>Oturumda \u00c7erkes Dayan\u0131\u015fma Kurulu Ba\u015fkan\u0131 Adnan Kabaday; kurulun ihtiya\u00e7 sahipleri vatanda\u015flara insani ve t\u0131bbi yard\u0131mlar\u0131n takdim edilmesinde harcad\u0131\u011f\u0131 \u00e7abalara \u0131\u015f\u0131k tuttu.<\/p>\n<p>Kurul ba\u015fkan\u0131 Merc el Sultan ve Hanas\u0131r gibi \u00c7erkes k\u00f6ylerin ter\u00f6r gruplar\u0131 taraf\u0131ndan maruz kald\u0131klar\u0131 sald\u0131r\u0131lara i\u015faret ederken; bu sald\u0131r\u0131larda \u00c7erkes bir\u00e7ok vatanda\u015f\u0131n vatan\u0131 savunurken \u015fehit ve yaral\u0131 d\u00fc\u015ft\u00fcklerin, belirtti.<\/p>\n<p><span style=\"color: #0000ff\">Haydar: Ulusal Uzla\u015fma \u00c7abalar\u0131na Hizmet Edecek G\u00fc\u00e7lerle \u0130\u015fbirli\u011fine Haz\u0131r\u0131z<\/span><\/p>\n<p><a href=\"http:\/\/www.sana.sy\/tr\/wp-content\/uploads\/2014\/08\/haydar-meydan-ahalisi.jpg\"><img loading=\"lazy\" decoding=\"async\" class=\"alignright wp-image-7849 size-medium\" src=\"http:\/\/www.sana.sy\/tr\/wp-content\/uploads\/2014\/08\/haydar-meydan-ahalisi-300x179.jpg\" alt=\"haydar meydan ahalisi\" width=\"300\" height=\"179\" srcset=\"https:\/\/archive.sana.sy\/tr\/wp-content\/uploads\/2014\/08\/haydar-meydan-ahalisi-300x179.jpg 300w, https:\/\/archive.sana.sy\/tr\/wp-content\/uploads\/2014\/08\/haydar-meydan-ahalisi-150x89.jpg 150w, https:\/\/archive.sana.sy\/tr\/wp-content\/uploads\/2014\/08\/haydar-meydan-ahalisi-1024x612.jpg 1024w, https:\/\/archive.sana.sy\/tr\/wp-content\/uploads\/2014\/08\/haydar-meydan-ahalisi.jpg 1280w\" sizes=\"auto, (max-width: 300px) 100vw, 300px\" \/><\/a>\u00d6te yandan Haydar sivil ve toplumsal temsilcilerin ulusal uzla\u015fman\u0131n ba\u015far\u0131ya ula\u015fmas\u0131nda ve evlerinden zorla g\u00f6\u00e7 ettirilen vatanda\u015flar\u0131m\u0131z\u0131n ya\u015fad\u0131klar\u0131 zorluklar\u0131n hafifletilmesinde oynad\u0131klar\u0131 role dikkat \u00e7ekti.<\/p>\n<p>Bug\u00fcn \u015eam\u2019\u0131n Meydan Semti Ulusal Uzla\u015fma Komisyonu \u00fcyeleri ile bir araya gelen Haydar; b\u00fct\u00fcn b\u00f6lgelerde normal ya\u015fama d\u00f6n\u00fclmesi i\u00e7in harcanan \u00e7abalara hizmet edecek b\u00fct\u00fcn sivil temsilcilerle i\u015fbirli\u011fi yapmaya haz\u0131r olduklar\u0131n\u0131 dile getirdi.<\/p>\n<p>Ulusal Uzla\u015fma Komisyonu \u00fcyelerinin \u00e7al\u0131\u015fmalar\u0131 s\u0131ras\u0131nda kar\u015f\u0131 kar\u015f\u0131ya geldikleri zorluk ve engelleri dile getirdikleri toplant\u0131da ayr\u0131ca silahl\u0131 ter\u00f6r gruplar\u0131 taraf\u0131ndan ka\u00e7\u0131r\u0131lm\u0131\u015f olan vatanda\u015flar\u0131n kurtar\u0131lmas\u0131 i\u00e7in \u00e7abalar\u0131n devam etti\u011fi vurguland\u0131.<\/p>\n<p>Meydan, Yerm\u00fck, Tedamun, Filistin Kamp\u0131 ve daha ba\u015fka b\u00f6lgelerde ulusal uzla\u015fma \u00e7abalar\u0131 ve kar\u015f\u0131la\u015ft\u0131klar\u0131 sorunlar\u0131 dile getiren komite \u00fcyeleri; ka\u00e7\u0131r\u0131lm\u0131\u015f, tutuklu ve kay\u0131p vatanda\u015flar\u0131n dosyalar\u0131n\u0131 \u00e7\u00f6zme \u00e7abalar\u0131n\u0131n devam etti\u011fini belirttiler.<\/p>\n<p>Komite \u00fcyeleri ayr\u0131ca \u015fehit aileleri ve yaral\u0131lar\u0131n yan\u0131 s\u0131ra tehcir edilen ailelere sembolik \u00fccretlerle sa\u011fl\u0131k hizmetleri verecek poliklinik kamp\u00fcsleri kurma \u00e7abas\u0131nda olduklar\u0131n\u0131 ifade ettiler.<\/p>\n","protected":false},"excerpt":{"rendered":"<p>\u015eAM \u2013 \u0130\u015flemleri Y\u00fcr\u00fctmekle M\u00fckellef Kabinede Ulusal Uzla\u015fmadan Sorumlu Devlet Bakan\u0131 Ali Haydar; bakanl\u0131\u011f\u0131n yurdun t\u00fcm b\u00f6lgelerinde ulusal uzla\u015fma \u00e7abalar\u0131n\u0131 ba\u015far\u0131ya ula\u015ft\u0131rma azim ve kararl\u0131l\u0131\u011f\u0131n\u0131 belirtti. \u00c7erkes Dan\u0131\u015fma Kurulu \u00fcyeleriyle bug\u00fcn bir araya gelen Haydar \u00f6zellikle Kunaytra k\u0131rsal\u0131ndaki k\u00f6y ve beldelerde ulusal uzla\u015fma \u00e7al\u0131\u015fmalar\u0131n\u0131n ba\u015far\u0131l\u0131 olmas\u0131yla birlikte silah namlular\u0131n\u0131n yeniden d\u00fc\u015fman \u0130srail\u2019e y\u00f6nlendirilmesi gere\u011finin alt\u0131n\u0131 &hellip;<\/p>\n","protected":false},"author":1,"featured_media":7848,"comment_status":"closed","ping_status":"closed","sticky":false,"template":"","format":"standard","meta":{"footnotes":""},"categories":[479,575,478],"tags":[1761],"class_list":["post-7852","post","type-post","status-publish","format-standard","has-post-thumbnail","","category-haberler-yerel","category-olaylar-ve-gercekler","category-yerel","tag-kunaytra-kirsalinda-ulusal-uzlasma-cabalari-ilerlemesiyle-silah-namlulari-yeniden-dusmana-cevrilmeli"],"_links":{"self":[{"href":"https:\/\/archive.sana.sy\/tr\/index.php?rest_route=\/wp\/v2\/posts\/7852","targetHints":{"allow":["GET"]}}],"collection":[{"href":"https:\/\/archive.sana.sy\/tr\/index.php?rest_route=\/wp\/v2\/posts"}],"about":[{"href":"https:\/\/archive.sana.sy\/tr\/index.php?rest_route=\/wp\/v2\/types\/post"}],"author":[{"embeddable":true,"href":"https:\/\/archive.sana.sy\/tr\/index.php?rest_route=\/wp\/v2\/users\/1"}],"replies":[{"embeddable":true,"href":"https:\/\/archive.sana.sy\/tr\/index.php?rest_route=%2Fwp%2Fv2%2Fcomments&post=7852"}],"version-history":[{"count":0,"href":"https:\/\/archive.sana.sy\/tr\/index.php?rest_route=\/wp\/v2\/posts\/7852\/revisions"}],"wp:featuredmedia":[{"embeddable":true,"href":"https:\/\/archive.sana.sy\/tr\/index.php?rest_route=\/wp\/v2\/media\/7848"}],"wp:attachment":[{"href":"https:\/\/archive.sana.sy\/tr\/index.php?rest_route=%2Fwp%2Fv2%2Fmedia&parent=7852"}],"wp:term":[{"taxonomy":"category","embeddable":true,"href":"https:\/\/archive.sana.sy\/tr\/index.php?rest_route=%2Fwp%2Fv2%2Fcategories&post=7852"},{"taxonomy":"post_tag","embeddable":true,"href":"https:\/\/archive.sana.sy\/tr\/index.php?rest_route=%2Fwp%2Fv2%2Ftags&post=7852"}],"curies":[{"name":"wp","href":"https:\/\/api.w.org\/{rel}","templated":true}]}}