{"id":78536,"date":"2016-07-03T19:10:17","date_gmt":"2016-07-03T16:10:17","guid":{"rendered":"http:\/\/www.sana.sy\/tr\/?p=78536"},"modified":"2016-07-04T14:18:25","modified_gmt":"2016-07-04T11:18:25","slug":"terorle-ciddi-mucadelenin-onemini-bir-kez-daha-kanitladi","status":"publish","type":"post","link":"https:\/\/archive.sana.sy\/tr\/?p=78536","title":{"rendered":"Ter\u00f6rle Ciddi M\u00fccadelenin \u00d6nemini Bir Kez Daha Kan\u0131tlad\u0131"},"content":{"rendered":"<p>\u015eAM \u2013 Suriye, Irak\u2019\u0131n ba\u015fkenti Ba\u011fdat\u2019t\u0131n ortas\u0131 Kerrada B\u00f6lgesinde bug\u00fcn meydana gelen ve geneli \u00e7ocuk ve kad\u0131nlardan ibaret onlarca masum sivilin kurban gitmelerine yol a\u00e7an bombal\u0131 ter\u00f6r eylemini keskin bir ifadeyle k\u0131nad\u0131.<\/p>\n<p>D\u0131\u015fi\u015fleri ve Gurbet\u00e7iler Bakanl\u0131\u011f\u0131nda yetkili bir kaynak SANA\u2019ya a\u00e7\u0131klamas\u0131nda; s\u00f6z konusu bombal\u0131 ter\u00f6r eylemini \u015fiddetle k\u0131nayan Suriye&#8217;nin, \u00e7ifte standartlardan uzak olarak ter\u00f6re kar\u015f\u0131 m\u00fccadelede uluslar aras\u0131 ciddi \u00e7abalar\u0131n birle\u015ftirilmesi gere\u011fini bir kez daha ortaya koydu\u011funa dikkat \u00e7ekti\u011fini belirtti.<\/p>\n<p>Bombal\u0131 ter\u00f6r eyleminde kurban gidenlerin aileleri, karde\u015f Irak halk\u0131 ve h\u00fck\u00fcmetine taziyelerini takdim eden kaynak;yaral\u0131lara da acil \u015fifalar temennilerinde bulundu.<\/p>\n<p>Kaynak belli ba\u015fl\u0131 d\u0131\u015f g\u00fc\u00e7ler taraf\u0131ndan desteklenen ve karanl\u0131k ideolojinin yan\u0131 s\u0131ra \u00f6l\u00fcm ve y\u0131k\u0131mdan ba\u015fka bir \u015fey bilmeyen ter\u00f6r \u00f6rg\u00fctlere kar\u015f\u0131 etkin ve ciddi m\u00fccadele \u00f6neminin bir kez daha kan\u0131tland\u0131\u011f\u0131na dikkat \u00e7eken kaynak; ter\u00f6r\u00fcn iyi ya da k\u00f6t\u00fc olarak s\u0131n\u0131fland\u0131r\u0131lamayaca\u011f\u0131n\u0131n bir kez daha alt\u0131n\u0131 \u00e7izdi.<\/p>\n<p>Suriye&#8217;nin BM ve G\u00fcvenlik Konseyi arac\u0131l\u0131\u011f\u0131 ile ter\u00f6r\u00fc destekleyen devletlere kar\u015f\u0131 etkin icraatlar al\u0131nmas\u0131 davetini bir kez daha hat\u0131rlatan kaynak; tekfirci ter\u00f6r\u00fcn b\u00f6lge ve t\u00fcm d\u00fcnya halklar\u0131na y\u00f6nelik tehlikesinin de bir kez daha alt\u0131n\u0131 \u00e7izdi.<\/p>\n","protected":false},"excerpt":{"rendered":"<p>\u015eAM \u2013 Suriye, Irak\u2019\u0131n ba\u015fkenti Ba\u011fdat\u2019t\u0131n ortas\u0131 Kerrada B\u00f6lgesinde bug\u00fcn meydana gelen ve geneli \u00e7ocuk ve kad\u0131nlardan ibaret onlarca masum sivilin kurban gitmelerine yol a\u00e7an bombal\u0131 ter\u00f6r eylemini keskin bir ifadeyle k\u0131nad\u0131. D\u0131\u015fi\u015fleri ve Gurbet\u00e7iler Bakanl\u0131\u011f\u0131nda yetkili bir kaynak SANA\u2019ya a\u00e7\u0131klamas\u0131nda; s\u00f6z konusu bombal\u0131 ter\u00f6r eylemini \u015fiddetle k\u0131nayan Suriye&#8217;nin, \u00e7ifte standartlardan uzak olarak ter\u00f6re kar\u015f\u0131 &hellip;<\/p>\n","protected":false},"author":1,"featured_media":76120,"comment_status":"closed","ping_status":"closed","sticky":false,"template":"","format":"standard","meta":{"footnotes":""},"categories":[479,17988,478],"tags":[22228],"class_list":["post-78536","post","type-post","status-publish","format-standard","has-post-thumbnail","","category-haberler-yerel","category-son-haberler","category-yerel","tag-terorle-ciddi-mucadelenin-onemini-bir-kez-daha-kanitladi"],"_links":{"self":[{"href":"https:\/\/archive.sana.sy\/tr\/index.php?rest_route=\/wp\/v2\/posts\/78536","targetHints":{"allow":["GET"]}}],"collection":[{"href":"https:\/\/archive.sana.sy\/tr\/index.php?rest_route=\/wp\/v2\/posts"}],"about":[{"href":"https:\/\/archive.sana.sy\/tr\/index.php?rest_route=\/wp\/v2\/types\/post"}],"author":[{"embeddable":true,"href":"https:\/\/archive.sana.sy\/tr\/index.php?rest_route=\/wp\/v2\/users\/1"}],"replies":[{"embeddable":true,"href":"https:\/\/archive.sana.sy\/tr\/index.php?rest_route=%2Fwp%2Fv2%2Fcomments&post=78536"}],"version-history":[{"count":0,"href":"https:\/\/archive.sana.sy\/tr\/index.php?rest_route=\/wp\/v2\/posts\/78536\/revisions"}],"wp:featuredmedia":[{"embeddable":true,"href":"https:\/\/archive.sana.sy\/tr\/index.php?rest_route=\/wp\/v2\/media\/76120"}],"wp:attachment":[{"href":"https:\/\/archive.sana.sy\/tr\/index.php?rest_route=%2Fwp%2Fv2%2Fmedia&parent=78536"}],"wp:term":[{"taxonomy":"category","embeddable":true,"href":"https:\/\/archive.sana.sy\/tr\/index.php?rest_route=%2Fwp%2Fv2%2Fcategories&post=78536"},{"taxonomy":"post_tag","embeddable":true,"href":"https:\/\/archive.sana.sy\/tr\/index.php?rest_route=%2Fwp%2Fv2%2Ftags&post=78536"}],"curies":[{"name":"wp","href":"https:\/\/api.w.org\/{rel}","templated":true}]}}