{"id":7854,"date":"2014-08-20T23:59:52","date_gmt":"2014-08-20T20:59:52","guid":{"rendered":"http:\/\/www.sana.sy\/tr\/?p=7854"},"modified":"2014-08-21T00:34:05","modified_gmt":"2014-08-20T21:34:05","slug":"gazze-ve-filistin-turkiye-ve-katarin-yonettigi-buyuk-komploya-maruz-kaliyor","status":"publish","type":"post","link":"https:\/\/archive.sana.sy\/tr\/?p=7854","title":{"rendered":"Gazze ve Filistin T\u00fcrkiye ve Katar\u2019\u0131n Y\u00f6netti\u011fi B\u00fcy\u00fck Komploya Maruz Kal\u0131yor"},"content":{"rendered":"<p>\u015eAM \u2013 \u0130\u015flemleri y\u00fcr\u00fctmekle m\u00fckellef kabinede Enformasyon Bakan\u0131 Omran el Zoubi Gazze ve t\u00fcm Filistin\u2019in muhtelif bahaneler alt\u0131nda \u2018direni\u015fi yok etme\u2019 ba\u015fl\u0131\u011f\u0131 alt\u0131nda T\u00fcrkiye ve Katar\u2019\u0131n komutas\u0131nda b\u00fcy\u00fck bir komploya maruz kald\u0131klar\u0131n\u0131 belirtti.<\/p>\n<p>Meyadin Kanal\u0131 ile bu ak\u015fam bulundu\u011fu m\u00fclakatta Zoubi; kimi Arap rejimlerin gerek Arap Bilri\u011fi ad\u0131 alt\u0131nda gerekse \u0130srail ile aleni yada gizli i\u015fbirli\u011fi ile Filistin davas\u0131na kar\u015f\u0131 komplolarda rol almaktan vazge\u00e7mediklerini s\u00f6yledi.<\/p>\n<p>Zoubi; Suriye&#8217;nin her daim Filistin ve davas\u0131n\u0131 temel davas\u0131 ve ana pusulas\u0131 olarak g\u00f6rd\u00fc\u011f\u00fcn\u00fc belirtirken; girdi\u011fi t\u00fcm sava\u015flar\u0131n bu dava u\u011fruna oldu\u011funu, g\u00fcn\u00fcm\u00fczde de maruz kald\u0131\u011f\u0131 evrensel sald\u0131r\u0131lara ra\u011fmen bu davadan caymad\u0131\u011f\u0131n\u0131 ifade etti.<\/p>\n<p>Suriye ve halk\u0131n\u0131n \u00e7okuluslu ter\u00f6r gruplar\u0131n\u0131n sald\u0131r\u0131lar\u0131 nedeniyle be\u015feri, ekonomik, sosyal ve tarihi uygarl\u0131k a\u00e7\u0131s\u0131ndan olduk\u00e7a b\u00fcy\u00fck kay\u0131plar verdi\u011fine dikkat \u00e7eken Zoubi; Birle\u015fmi\u015f Milletlerde \u00fcye olan t\u00fcm devletleri ter\u00f6rle m\u00fccadele ve G\u00fcvenlik Konseyinin son olarak ter\u00f6r \u00f6rg\u00fctlerine deste\u011fi yasaklayan 2170 say\u0131l\u0131 karar\u0131na ba\u011fl\u0131 kalmalar\u0131na davet etti.<\/p>\n<p>Zoubi T\u00fcrkiye, Katar ve daha ba\u015fka devletlerin ter\u00f6r \u00f6rg\u00fctlerine desteklerinin g\u00f6z ard\u0131 edilmesi ve bu konuda \u00e7ifte standartl\u0131 politika izlemenin mant\u0131kl\u0131 olmad\u0131\u011f\u0131na dikkat \u00e7ekerken; bu meselenin d\u00fcnyay\u0131 tehdit eden bir mesele niteli\u011finde dikkate al\u0131n\u0131p \u00e7\u00f6z\u00fcme kavu\u015fturulmas\u0131 \u00e7a\u011fr\u0131s\u0131nda bulundu.<\/p>\n<p>ABD\u2019li u\u00e7aklar\u0131n Suriye topraklar\u0131nda I\u015e\u0130D mevkilerini vurma iddialar\u0131 konusunda Zoubi; bunun kesinlikle olmad\u0131\u011f\u0131n\u0131 ve b\u00f6yle bir \u015feyin\u00a0 ancak Suriye h\u00fck\u00fcmetinin onay\u0131 dahilinde olabilece\u011fini ifade etti.<\/p>\n","protected":false},"excerpt":{"rendered":"<p>\u015eAM \u2013 \u0130\u015flemleri y\u00fcr\u00fctmekle m\u00fckellef kabinede Enformasyon Bakan\u0131 Omran el Zoubi Gazze ve t\u00fcm Filistin\u2019in muhtelif bahaneler alt\u0131nda \u2018direni\u015fi yok etme\u2019 ba\u015fl\u0131\u011f\u0131 alt\u0131nda T\u00fcrkiye ve Katar\u2019\u0131n komutas\u0131nda b\u00fcy\u00fck bir komploya maruz kald\u0131klar\u0131n\u0131 belirtti. Meyadin Kanal\u0131 ile bu ak\u015fam bulundu\u011fu m\u00fclakatta Zoubi; kimi Arap rejimlerin gerek Arap Bilri\u011fi ad\u0131 alt\u0131nda gerekse \u0130srail ile aleni yada gizli &hellip;<\/p>\n","protected":false},"author":1,"featured_media":7855,"comment_status":"closed","ping_status":"closed","sticky":false,"template":"","format":"standard","meta":{"footnotes":""},"categories":[479,447,478],"tags":[],"class_list":["post-7854","post","type-post","status-publish","format-standard","has-post-thumbnail","","category-haberler-yerel","category-politika","category-yerel"],"_links":{"self":[{"href":"https:\/\/archive.sana.sy\/tr\/index.php?rest_route=\/wp\/v2\/posts\/7854","targetHints":{"allow":["GET"]}}],"collection":[{"href":"https:\/\/archive.sana.sy\/tr\/index.php?rest_route=\/wp\/v2\/posts"}],"about":[{"href":"https:\/\/archive.sana.sy\/tr\/index.php?rest_route=\/wp\/v2\/types\/post"}],"author":[{"embeddable":true,"href":"https:\/\/archive.sana.sy\/tr\/index.php?rest_route=\/wp\/v2\/users\/1"}],"replies":[{"embeddable":true,"href":"https:\/\/archive.sana.sy\/tr\/index.php?rest_route=%2Fwp%2Fv2%2Fcomments&post=7854"}],"version-history":[{"count":0,"href":"https:\/\/archive.sana.sy\/tr\/index.php?rest_route=\/wp\/v2\/posts\/7854\/revisions"}],"wp:featuredmedia":[{"embeddable":true,"href":"https:\/\/archive.sana.sy\/tr\/index.php?rest_route=\/wp\/v2\/media\/7855"}],"wp:attachment":[{"href":"https:\/\/archive.sana.sy\/tr\/index.php?rest_route=%2Fwp%2Fv2%2Fmedia&parent=7854"}],"wp:term":[{"taxonomy":"category","embeddable":true,"href":"https:\/\/archive.sana.sy\/tr\/index.php?rest_route=%2Fwp%2Fv2%2Fcategories&post=7854"},{"taxonomy":"post_tag","embeddable":true,"href":"https:\/\/archive.sana.sy\/tr\/index.php?rest_route=%2Fwp%2Fv2%2Ftags&post=7854"}],"curies":[{"name":"wp","href":"https:\/\/api.w.org\/{rel}","templated":true}]}}