{"id":78549,"date":"2016-07-03T23:00:02","date_gmt":"2016-07-03T20:00:02","guid":{"rendered":"http:\/\/www.sana.sy\/tr\/?p=78549"},"modified":"2016-07-04T14:18:22","modified_gmt":"2016-07-04T11:18:22","slug":"merkez-bankasi-ve-planlama-kurumuna-yeni-mudurler-atandi","status":"publish","type":"post","link":"https:\/\/archive.sana.sy\/tr\/?p=78549","title":{"rendered":"Merkez Bankas\u0131 ve Planlama Kurumuna Yeni M\u00fcd\u00fcrler Atand\u0131"},"content":{"rendered":"<p>\u015eAM \u2013 Cumhurba\u015fkan\u0131 Be\u015f\u015far el Esad bug\u00fcn Uluslararas\u0131 \u0130\u015fbirli\u011fi ve Planlama Kurumunun yan\u0131 s\u0131ra Merkez Bankas\u0131na yeni genel m\u00fcd\u00fcrlerin atanmas\u0131n\u0131 \u00f6ng\u00f6ren iki kararnameyi onaylad\u0131.<\/p>\n<p>El Esad\u2019\u0131n onaylad\u0131\u011f\u0131 2016\/204 say\u0131l\u0131 kararnamede \u0130mad Abd\u00fclgani Sabuni Uluslararas\u0131 \u0130\u015fbirli\u011fi ve Planlama Kurumunun genel m\u00fcd\u00fcr\u00fc olarak atan\u0131rken, 2016\/205 say\u0131l\u0131 kararnamede de D\u00fcreyd D\u0131rgam\u2019da Merkez Bankas\u0131 genel m\u00fcd\u00fcr\u00fc olarak atand\u0131.<\/p>\n<p>R.H.<\/p>\n","protected":false},"excerpt":{"rendered":"<p>\u015eAM \u2013 Cumhurba\u015fkan\u0131 Be\u015f\u015far el Esad bug\u00fcn Uluslararas\u0131 \u0130\u015fbirli\u011fi ve Planlama Kurumunun yan\u0131 s\u0131ra Merkez Bankas\u0131na yeni genel m\u00fcd\u00fcrlerin atanmas\u0131n\u0131 \u00f6ng\u00f6ren iki kararnameyi onaylad\u0131. El Esad\u2019\u0131n onaylad\u0131\u011f\u0131 2016\/204 say\u0131l\u0131 kararnamede \u0130mad Abd\u00fclgani Sabuni Uluslararas\u0131 \u0130\u015fbirli\u011fi ve Planlama Kurumunun genel m\u00fcd\u00fcr\u00fc olarak atan\u0131rken, 2016\/205 say\u0131l\u0131 kararnamede de D\u00fcreyd D\u0131rgam\u2019da Merkez Bankas\u0131 genel m\u00fcd\u00fcr\u00fc olarak atand\u0131. R.H.<\/p>\n","protected":false},"author":1,"featured_media":76254,"comment_status":"closed","ping_status":"closed","sticky":false,"template":"","format":"standard","meta":{"footnotes":""},"categories":[479,605,17988,612,599,478],"tags":[22230],"class_list":["post-78549","post","type-post","status-publish","format-standard","has-post-thumbnail","","category-haberler-yerel","category-sayin-cumhurbaskani","category-son-haberler","category-yasama-kararnameler","category-yasama-ve-kanunlar","category-yerel","tag-merkez-bankasi-ve-planlama-kurumuna-yeni-mudurler-atandi"],"_links":{"self":[{"href":"https:\/\/archive.sana.sy\/tr\/index.php?rest_route=\/wp\/v2\/posts\/78549","targetHints":{"allow":["GET"]}}],"collection":[{"href":"https:\/\/archive.sana.sy\/tr\/index.php?rest_route=\/wp\/v2\/posts"}],"about":[{"href":"https:\/\/archive.sana.sy\/tr\/index.php?rest_route=\/wp\/v2\/types\/post"}],"author":[{"embeddable":true,"href":"https:\/\/archive.sana.sy\/tr\/index.php?rest_route=\/wp\/v2\/users\/1"}],"replies":[{"embeddable":true,"href":"https:\/\/archive.sana.sy\/tr\/index.php?rest_route=%2Fwp%2Fv2%2Fcomments&post=78549"}],"version-history":[{"count":0,"href":"https:\/\/archive.sana.sy\/tr\/index.php?rest_route=\/wp\/v2\/posts\/78549\/revisions"}],"wp:featuredmedia":[{"embeddable":true,"href":"https:\/\/archive.sana.sy\/tr\/index.php?rest_route=\/wp\/v2\/media\/76254"}],"wp:attachment":[{"href":"https:\/\/archive.sana.sy\/tr\/index.php?rest_route=%2Fwp%2Fv2%2Fmedia&parent=78549"}],"wp:term":[{"taxonomy":"category","embeddable":true,"href":"https:\/\/archive.sana.sy\/tr\/index.php?rest_route=%2Fwp%2Fv2%2Fcategories&post=78549"},{"taxonomy":"post_tag","embeddable":true,"href":"https:\/\/archive.sana.sy\/tr\/index.php?rest_route=%2Fwp%2Fv2%2Ftags&post=78549"}],"curies":[{"name":"wp","href":"https:\/\/api.w.org\/{rel}","templated":true}]}}