{"id":78565,"date":"2016-07-04T08:30:46","date_gmt":"2016-07-04T05:30:46","guid":{"rendered":"http:\/\/www.sana.sy\/tr\/?p=78565"},"modified":"2016-07-04T13:01:57","modified_gmt":"2016-07-04T10:01:57","slug":"ingiliz-binlerce-vatandas-londrada-ulkelerinin-abden-cikmasi-referandumunun-sonuclarini-protesto-etti","status":"publish","type":"post","link":"https:\/\/archive.sana.sy\/tr\/?p=78565","title":{"rendered":"\u0130ngiliz binlerce vatanda\u015f Londra\u2019da, \u00fclkelerinin AB\u2019den \u00e7\u0131kmas\u0131 referandumunun sonu\u00e7lar\u0131n\u0131 protesto etti"},"content":{"rendered":"<p>\u0130ngiliz binlerce vatanda\u015f Londra\u2019da, \u00fclkelerinin AB\u2019den \u00e7\u0131kmas\u0131 referandumunun sonu\u00e7lar\u0131n\u0131 protesto etti<\/p>\n<p>https:\/\/youtu.be\/2Z1nwGyhVZQ<\/p>\n<p>R.H.<\/p>\n","protected":false},"excerpt":{"rendered":"<p>\u0130ngiliz binlerce vatanda\u015f Londra\u2019da, \u00fclkelerinin AB\u2019den \u00e7\u0131kmas\u0131 referandumunun sonu\u00e7lar\u0131n\u0131 protesto etti https:\/\/youtu.be\/2Z1nwGyhVZQ R.H.<\/p>\n","protected":false},"author":1,"featured_media":78566,"comment_status":"closed","ping_status":"closed","sticky":false,"template":"","format":"standard","meta":{"footnotes":""},"categories":[18295],"tags":[22236,22237],"class_list":["post-78565","post","type-post","status-publish","format-standard","has-post-thumbnail","","category-sana-video","tag-ingiliz-binlerce-vatandas-londrada","tag-ulkelerinin-abden-cikmasi-referandumunun-sonuclarini-protesto-etti"],"_links":{"self":[{"href":"https:\/\/archive.sana.sy\/tr\/index.php?rest_route=\/wp\/v2\/posts\/78565","targetHints":{"allow":["GET"]}}],"collection":[{"href":"https:\/\/archive.sana.sy\/tr\/index.php?rest_route=\/wp\/v2\/posts"}],"about":[{"href":"https:\/\/archive.sana.sy\/tr\/index.php?rest_route=\/wp\/v2\/types\/post"}],"author":[{"embeddable":true,"href":"https:\/\/archive.sana.sy\/tr\/index.php?rest_route=\/wp\/v2\/users\/1"}],"replies":[{"embeddable":true,"href":"https:\/\/archive.sana.sy\/tr\/index.php?rest_route=%2Fwp%2Fv2%2Fcomments&post=78565"}],"version-history":[{"count":0,"href":"https:\/\/archive.sana.sy\/tr\/index.php?rest_route=\/wp\/v2\/posts\/78565\/revisions"}],"wp:featuredmedia":[{"embeddable":true,"href":"https:\/\/archive.sana.sy\/tr\/index.php?rest_route=\/wp\/v2\/media\/78566"}],"wp:attachment":[{"href":"https:\/\/archive.sana.sy\/tr\/index.php?rest_route=%2Fwp%2Fv2%2Fmedia&parent=78565"}],"wp:term":[{"taxonomy":"category","embeddable":true,"href":"https:\/\/archive.sana.sy\/tr\/index.php?rest_route=%2Fwp%2Fv2%2Fcategories&post=78565"},{"taxonomy":"post_tag","embeddable":true,"href":"https:\/\/archive.sana.sy\/tr\/index.php?rest_route=%2Fwp%2Fv2%2Ftags&post=78565"}],"curies":[{"name":"wp","href":"https:\/\/api.w.org\/{rel}","templated":true}]}}