{"id":78568,"date":"2016-07-04T09:00:17","date_gmt":"2016-07-04T06:00:17","guid":{"rendered":"http:\/\/www.sana.sy\/tr\/?p=78568"},"modified":"2016-07-04T13:03:30","modified_gmt":"2016-07-04T10:03:30","slug":"irakta-meydana-gelen-bombali-teror-eyleminin-bilancosu-83-olu-176-yaraliya-yukseldi","status":"publish","type":"post","link":"https:\/\/archive.sana.sy\/tr\/?p=78568","title":{"rendered":"Irak\u2019ta meydana gelen bombal\u0131 ter\u00f6r eyleminin bilan\u00e7osu 83 \u00f6l\u00fc, 176 yaral\u0131ya y\u00fckseldi"},"content":{"rendered":"<p>Irak\u2019ta meydana gelen bombal\u0131 ter\u00f6r eyleminin bilan\u00e7osu 83 \u00f6l\u00fc, 176 yaral\u0131ya y\u00fckseldi<\/p>\n<p>https:\/\/youtu.be\/4mejXlqVhcQ<\/p>\n<p>R.H.<\/p>\n","protected":false},"excerpt":{"rendered":"<p>Irak\u2019ta meydana gelen bombal\u0131 ter\u00f6r eyleminin bilan\u00e7osu 83 \u00f6l\u00fc, 176 yaral\u0131ya y\u00fckseldi https:\/\/youtu.be\/4mejXlqVhcQ R.H.<\/p>\n","protected":false},"author":1,"featured_media":78569,"comment_status":"closed","ping_status":"closed","sticky":false,"template":"","format":"standard","meta":{"footnotes":""},"categories":[18295],"tags":[22239,22238],"class_list":["post-78568","post","type-post","status-publish","format-standard","has-post-thumbnail","","category-sana-video","tag-176-yaraliya-yukseldi","tag-irakta-meydana-gelen-bombali-teror-eyleminin-bilancosu-83-olu"],"_links":{"self":[{"href":"https:\/\/archive.sana.sy\/tr\/index.php?rest_route=\/wp\/v2\/posts\/78568","targetHints":{"allow":["GET"]}}],"collection":[{"href":"https:\/\/archive.sana.sy\/tr\/index.php?rest_route=\/wp\/v2\/posts"}],"about":[{"href":"https:\/\/archive.sana.sy\/tr\/index.php?rest_route=\/wp\/v2\/types\/post"}],"author":[{"embeddable":true,"href":"https:\/\/archive.sana.sy\/tr\/index.php?rest_route=\/wp\/v2\/users\/1"}],"replies":[{"embeddable":true,"href":"https:\/\/archive.sana.sy\/tr\/index.php?rest_route=%2Fwp%2Fv2%2Fcomments&post=78568"}],"version-history":[{"count":0,"href":"https:\/\/archive.sana.sy\/tr\/index.php?rest_route=\/wp\/v2\/posts\/78568\/revisions"}],"wp:featuredmedia":[{"embeddable":true,"href":"https:\/\/archive.sana.sy\/tr\/index.php?rest_route=\/wp\/v2\/media\/78569"}],"wp:attachment":[{"href":"https:\/\/archive.sana.sy\/tr\/index.php?rest_route=%2Fwp%2Fv2%2Fmedia&parent=78568"}],"wp:term":[{"taxonomy":"category","embeddable":true,"href":"https:\/\/archive.sana.sy\/tr\/index.php?rest_route=%2Fwp%2Fv2%2Fcategories&post=78568"},{"taxonomy":"post_tag","embeddable":true,"href":"https:\/\/archive.sana.sy\/tr\/index.php?rest_route=%2Fwp%2Fv2%2Ftags&post=78568"}],"curies":[{"name":"wp","href":"https:\/\/api.w.org\/{rel}","templated":true}]}}