{"id":78611,"date":"2016-07-04T17:30:09","date_gmt":"2016-07-04T14:30:09","guid":{"rendered":"http:\/\/www.sana.sy\/tr\/?p=78611"},"modified":"2016-07-04T17:30:09","modified_gmt":"2016-07-04T14:30:09","slug":"askeri-kaynak-ordu-birliklerimizin-halep-kentinde-radikal-teroristlerle-siddetli-catismalara-girmeleri-ve-onlari-sayi-ve-ekipmanlariyla-buyuk-kayiplara-ugratmalari-ardindan-leyramun-bolgesinde-birkac","status":"publish","type":"post","link":"https:\/\/archive.sana.sy\/tr\/?p=78611","title":{"rendered":"Askeri kaynak; ordu birliklerimizin Halep Kentinde radikal ter\u00f6ristlerle \u015fiddetli \u00e7at\u0131\u015fmalara girmeleri ve onlar\u0131 say\u0131 ve ekipmanlar\u0131yla b\u00fcy\u00fck kay\u0131plara u\u011fratmalar\u0131 ard\u0131ndan Leyramun B\u00f6lgesinde birka\u00e7 bina blo\u011funun yan\u0131 s\u0131ra \u00c7\u0131r\u00e7\u0131r Fabrikalar\u0131\u200f, Serhil ve Polis binalar\u0131nda ter\u00f6ristlerin son mevkilerini imha edip bu b\u00f6lgeleri kontrollerine ge\u00e7irdiklerini belirtti"},"content":{"rendered":"<p>Askeri kaynak; ordu birliklerimizin Halep Kentinde radikal ter\u00f6ristlerle \u015fiddetli \u00e7at\u0131\u015fmalara girmeleri ve onlar\u0131 say\u0131 ve ekipmanlar\u0131yla b\u00fcy\u00fck kay\u0131plara u\u011fratmalar\u0131 ard\u0131ndan Leyramun B\u00f6lgesinde birka\u00e7 bina blo\u011funun yan\u0131 s\u0131ra \u00c7\u0131r\u00e7\u0131r Fabrikalar\u0131\u200f, Serhil ve Polis binalar\u0131nda ter\u00f6ristlerin son mevkilerini imha edip bu b\u00f6lgeleri kontrollerine ge\u00e7irdiklerini belirtti<\/p>\n","protected":false},"excerpt":{"rendered":"<p>Askeri kaynak; ordu birliklerimizin Halep Kentinde radikal ter\u00f6ristlerle \u015fiddetli \u00e7at\u0131\u015fmalara girmeleri ve onlar\u0131 say\u0131 ve ekipmanlar\u0131yla b\u00fcy\u00fck kay\u0131plara u\u011fratmalar\u0131 ard\u0131ndan Leyramun B\u00f6lgesinde birka\u00e7 bina blo\u011funun yan\u0131 s\u0131ra \u00c7\u0131r\u00e7\u0131r Fabrikalar\u0131\u200f, Serhil ve Polis binalar\u0131nda ter\u00f6ristlerin son mevkilerini imha edip bu b\u00f6lgeleri kontrollerine ge\u00e7irdiklerini belirtti<\/p>\n","protected":false},"author":1,"featured_media":0,"comment_status":"closed","ping_status":"closed","sticky":false,"template":"","format":"standard","meta":{"footnotes":""},"categories":[17991],"tags":[],"class_list":["post-78611","post","type-post","status-publish","format-standard","","category-son-dakika"],"_links":{"self":[{"href":"https:\/\/archive.sana.sy\/tr\/index.php?rest_route=\/wp\/v2\/posts\/78611","targetHints":{"allow":["GET"]}}],"collection":[{"href":"https:\/\/archive.sana.sy\/tr\/index.php?rest_route=\/wp\/v2\/posts"}],"about":[{"href":"https:\/\/archive.sana.sy\/tr\/index.php?rest_route=\/wp\/v2\/types\/post"}],"author":[{"embeddable":true,"href":"https:\/\/archive.sana.sy\/tr\/index.php?rest_route=\/wp\/v2\/users\/1"}],"replies":[{"embeddable":true,"href":"https:\/\/archive.sana.sy\/tr\/index.php?rest_route=%2Fwp%2Fv2%2Fcomments&post=78611"}],"version-history":[{"count":0,"href":"https:\/\/archive.sana.sy\/tr\/index.php?rest_route=\/wp\/v2\/posts\/78611\/revisions"}],"wp:attachment":[{"href":"https:\/\/archive.sana.sy\/tr\/index.php?rest_route=%2Fwp%2Fv2%2Fmedia&parent=78611"}],"wp:term":[{"taxonomy":"category","embeddable":true,"href":"https:\/\/archive.sana.sy\/tr\/index.php?rest_route=%2Fwp%2Fv2%2Fcategories&post=78611"},{"taxonomy":"post_tag","embeddable":true,"href":"https:\/\/archive.sana.sy\/tr\/index.php?rest_route=%2Fwp%2Fv2%2Ftags&post=78611"}],"curies":[{"name":"wp","href":"https:\/\/api.w.org\/{rel}","templated":true}]}}