{"id":78635,"date":"2016-07-04T17:23:54","date_gmt":"2016-07-04T14:23:54","guid":{"rendered":"http:\/\/www.sana.sy\/tr\/?p=78635"},"modified":"2016-07-04T18:28:38","modified_gmt":"2016-07-04T15:28:38","slug":"ulkesinin-terore-destegini-buyukelciligi-onunde-protesto-etti-2","status":"publish","type":"post","link":"https:\/\/archive.sana.sy\/tr\/?p=78635","title":{"rendered":"\u00dclkesinin ter\u00f6re deste\u011fini b\u00fcy\u00fckel\u00e7ili\u011fi \u00f6n\u00fcnde protesto etti"},"content":{"rendered":"<p>\u00dcrd\u00fcnl\u00fc bir vatanda\u015f bug\u00fcn; \u00dcrd\u00fcn\u2019\u00fcn Suriye ve \u00dcrd\u00fcn\u2019de tekfirci ter\u00f6re deste\u011fini protesto etmek amac\u0131yla ailesiyle birlikte \u015eam\u2019daki \u00dcrd\u00fcn B\u00fcy\u00fckel\u00e7ili\u011fi \u00f6n\u00fcnde eylem d\u00fczenledi<\/p>\n<p>https:\/\/www.youtube.com\/watch?v=R0D5FRjIfak<\/p>\n","protected":false},"excerpt":{"rendered":"<p>\u00dcrd\u00fcnl\u00fc bir vatanda\u015f bug\u00fcn; \u00dcrd\u00fcn\u2019\u00fcn Suriye ve \u00dcrd\u00fcn\u2019de tekfirci ter\u00f6re deste\u011fini protesto etmek amac\u0131yla ailesiyle birlikte \u015eam\u2019daki \u00dcrd\u00fcn B\u00fcy\u00fckel\u00e7ili\u011fi \u00f6n\u00fcnde eylem d\u00fczenledi https:\/\/www.youtube.com\/watch?v=R0D5FRjIfak<\/p>\n","protected":false},"author":1,"featured_media":78590,"comment_status":"closed","ping_status":"closed","sticky":false,"template":"","format":"standard","meta":{"footnotes":""},"categories":[18295],"tags":[],"class_list":["post-78635","post","type-post","status-publish","format-standard","has-post-thumbnail","","category-sana-video"],"_links":{"self":[{"href":"https:\/\/archive.sana.sy\/tr\/index.php?rest_route=\/wp\/v2\/posts\/78635","targetHints":{"allow":["GET"]}}],"collection":[{"href":"https:\/\/archive.sana.sy\/tr\/index.php?rest_route=\/wp\/v2\/posts"}],"about":[{"href":"https:\/\/archive.sana.sy\/tr\/index.php?rest_route=\/wp\/v2\/types\/post"}],"author":[{"embeddable":true,"href":"https:\/\/archive.sana.sy\/tr\/index.php?rest_route=\/wp\/v2\/users\/1"}],"replies":[{"embeddable":true,"href":"https:\/\/archive.sana.sy\/tr\/index.php?rest_route=%2Fwp%2Fv2%2Fcomments&post=78635"}],"version-history":[{"count":0,"href":"https:\/\/archive.sana.sy\/tr\/index.php?rest_route=\/wp\/v2\/posts\/78635\/revisions"}],"wp:featuredmedia":[{"embeddable":true,"href":"https:\/\/archive.sana.sy\/tr\/index.php?rest_route=\/wp\/v2\/media\/78590"}],"wp:attachment":[{"href":"https:\/\/archive.sana.sy\/tr\/index.php?rest_route=%2Fwp%2Fv2%2Fmedia&parent=78635"}],"wp:term":[{"taxonomy":"category","embeddable":true,"href":"https:\/\/archive.sana.sy\/tr\/index.php?rest_route=%2Fwp%2Fv2%2Fcategories&post=78635"},{"taxonomy":"post_tag","embeddable":true,"href":"https:\/\/archive.sana.sy\/tr\/index.php?rest_route=%2Fwp%2Fv2%2Ftags&post=78635"}],"curies":[{"name":"wp","href":"https:\/\/api.w.org\/{rel}","templated":true}]}}