{"id":7865,"date":"2014-08-21T11:56:25","date_gmt":"2014-08-21T08:56:25","guid":{"rendered":"http:\/\/www.sana.sy\/tr\/?p=7865"},"modified":"2014-08-24T16:55:46","modified_gmt":"2014-08-24T13:55:46","slug":"teror-fenomeni-ve-radikalizmle-mucadelede-uluslararasi-isbirligi-sart","status":"publish","type":"post","link":"https:\/\/archive.sana.sy\/tr\/?p=7865","title":{"rendered":"Ter\u00f6r Olgusu ve Radikalizmle M\u00fccadelede Uluslararas\u0131 \u0130\u015fbirli\u011fi \u015eart"},"content":{"rendered":"<p>TAHRAN \u2013 \u0130ran \u015eura Meclisinde Ulusal G\u00fcvenlik ve D\u0131\u015f Politika Konseyi Ba\u015fkan\u0131 Alaaddin Brojerdi, Ter\u00f6r olgusuyla\u00a0m\u00fccadelede uluslararas\u0131 i\u015fbirli\u011finin \u00f6nemini yineledi.<\/p>\n<p>Brojerdi Danimarka\u2019n\u0131n Tahran B\u00fcy\u00fckel\u00e7isi Kristin Hogard\u2019\u0131 kabul\u00fc s\u0131ras\u0131nda, Irak\u2019taki siyasi istikrar\u0131n Kaide\u2019ye ba\u011fl\u0131 s\u00f6zde Irak ve \u015eam \u0130slam Devleti ter\u00f6r \u00f6rg\u00fct\u00fcn\u00fcn aktivitelerini d\u00fc\u015f\u00fcrd\u00fc\u011f\u00fcn\u00fc belirterek, \u0130ran\u2019\u0131n silahl\u0131 ter\u00f6r gruplar\u0131n\u0131n ter\u00f6r\u00fcne maruz kalan b\u00fct\u00fcn b\u00f6lge \u00fclkelerine ek olarak Irak\u2019\u0131n birli\u011fini g\u00fc\u00e7l\u00fc bir \u015fekilde destekledi\u011fini bir kez daha yineledi.<\/p>\n<p>Brojerdi ayr\u0131ca i\u015fgalci \u0130srail\u2019in Gazze kesimine y\u00f6nelik d\u00fczenledi\u011fi sald\u0131r\u0131 ile \u00e7ocuk ve kad\u0131nlara y\u00f6nelik i\u015fgalci Siyonist varl\u0131\u011f\u0131n i\u015fledi\u011fi vah\u015fi katliamlar\u0131 sert bir dille k\u0131narken bu katliamlar\u0131n durdurulmas\u0131 i\u00e7in derhal hareketlenmeye \u00e7a\u011fr\u0131da bulundu.<\/p>\n<p>Brojerdi ayr\u0131ca, kendilerini insan haklar\u0131 bayra\u011f\u0131n\u0131 ta\u015f\u0131d\u0131klar\u0131n\u0131 sayan Avrupa \u00fclkelerinin bu katliamlara y\u00f6nelik tutumlar\u0131ndan dolay\u0131 esefini dile getirdi.<\/p>\n<p>Kendi y\u00f6n\u00fcnden Danimarkal\u0131 B\u00fcy\u00fckel\u00e7i, \u00fclkesinin Gazze\u2019ye y\u00f6nelik tutumunun \u0130ran\u2019\u0131n tutumuna yak\u0131n oldu\u011funu belirterek Gazze ahalisinin ac\u0131lar\u0131na dur denilmesi zorunlulu\u011funu vurgulad\u0131.<\/p>\n","protected":false},"excerpt":{"rendered":"<p>TAHRAN \u2013 \u0130ran \u015eura Meclisinde Ulusal G\u00fcvenlik ve D\u0131\u015f Politika Konseyi Ba\u015fkan\u0131 Alaaddin Brojerdi, Ter\u00f6r olgusuyla\u00a0m\u00fccadelede uluslararas\u0131 i\u015fbirli\u011finin \u00f6nemini yineledi. Brojerdi Danimarka\u2019n\u0131n Tahran B\u00fcy\u00fckel\u00e7isi Kristin Hogard\u2019\u0131 kabul\u00fc s\u0131ras\u0131nda, Irak\u2019taki siyasi istikrar\u0131n Kaide\u2019ye ba\u011fl\u0131 s\u00f6zde Irak ve \u015eam \u0130slam Devleti ter\u00f6r \u00f6rg\u00fct\u00fcn\u00fcn aktivitelerini d\u00fc\u015f\u00fcrd\u00fc\u011f\u00fcn\u00fc belirterek, \u0130ran\u2019\u0131n silahl\u0131 ter\u00f6r gruplar\u0131n\u0131n ter\u00f6r\u00fcne maruz kalan b\u00fct\u00fcn b\u00f6lge \u00fclkelerine ek &hellip;<\/p>\n","protected":false},"author":1,"featured_media":7866,"comment_status":"closed","ping_status":"closed","sticky":false,"template":"","format":"standard","meta":{"footnotes":""},"categories":[458,459,447,584],"tags":[1766],"class_list":["post-7865","post","type-post","status-publish","format-standard","has-post-thumbnail","","category-dunya1","category-haberler-arap-uluslararasi-politika","category-politika","category-yurtdisinda-sana-ofisleri","tag-teror-fenomeni-ve-radikalizmle-mucadelede-uluslararasi-isbirligi-sart"],"_links":{"self":[{"href":"https:\/\/archive.sana.sy\/tr\/index.php?rest_route=\/wp\/v2\/posts\/7865","targetHints":{"allow":["GET"]}}],"collection":[{"href":"https:\/\/archive.sana.sy\/tr\/index.php?rest_route=\/wp\/v2\/posts"}],"about":[{"href":"https:\/\/archive.sana.sy\/tr\/index.php?rest_route=\/wp\/v2\/types\/post"}],"author":[{"embeddable":true,"href":"https:\/\/archive.sana.sy\/tr\/index.php?rest_route=\/wp\/v2\/users\/1"}],"replies":[{"embeddable":true,"href":"https:\/\/archive.sana.sy\/tr\/index.php?rest_route=%2Fwp%2Fv2%2Fcomments&post=7865"}],"version-history":[{"count":0,"href":"https:\/\/archive.sana.sy\/tr\/index.php?rest_route=\/wp\/v2\/posts\/7865\/revisions"}],"wp:featuredmedia":[{"embeddable":true,"href":"https:\/\/archive.sana.sy\/tr\/index.php?rest_route=\/wp\/v2\/media\/7866"}],"wp:attachment":[{"href":"https:\/\/archive.sana.sy\/tr\/index.php?rest_route=%2Fwp%2Fv2%2Fmedia&parent=7865"}],"wp:term":[{"taxonomy":"category","embeddable":true,"href":"https:\/\/archive.sana.sy\/tr\/index.php?rest_route=%2Fwp%2Fv2%2Fcategories&post=7865"},{"taxonomy":"post_tag","embeddable":true,"href":"https:\/\/archive.sana.sy\/tr\/index.php?rest_route=%2Fwp%2Fv2%2Ftags&post=7865"}],"curies":[{"name":"wp","href":"https:\/\/api.w.org\/{rel}","templated":true}]}}