{"id":78698,"date":"2016-07-06T09:04:12","date_gmt":"2016-07-06T06:04:12","guid":{"rendered":"http:\/\/www.sana.sy\/tr\/?p=78698"},"modified":"2016-07-07T16:32:21","modified_gmt":"2016-07-07T13:32:21","slug":"cumhurbaskani-el-esad-bayram-namazini-homstaki-el-safa-camiinde-kildi","status":"publish","type":"post","link":"https:\/\/archive.sana.sy\/tr\/?p=78698","title":{"rendered":"Cumhurba\u015fkan\u0131 el Esad Bayram Namaz\u0131n\u0131 Homs\u2019taki Safa Camiinde k\u0131ld\u0131"},"content":{"rendered":"<p>Homs \u2013 Cumhurba\u015fkan\u0131 Be\u015f\u015far el Esad, Ramazan Bayram\u0131 namaz\u0131n\u0131 bu sabah Homs\u2019un \u015eam Yolu\u00a0 SemtindekiSafa Camiinde K\u0131ld\u0131.<\/p>\n<p>Cumhurba\u015fkan\u0131 el Esad\u2019a bayram namaz\u0131nda, Vak\u0131flar Bakan\u0131 Muhammed Abd\u00fclsettar el Seyyid, Cumhuriyet Ba\u015f M\u00fcft\u00fcs\u00fc Ahmet Bedrettin Hassun, Homs Valisi Talalel Barazi\u2019nin yan\u0131 s\u0131ra din ulemalar\u0131 ve vatanda\u015flar e\u015flik ederken bayram namaz\u0131n\u0131 \u015eeyh Isam el Masri k\u0131ld\u0131rd\u0131.<\/p>\n<p>Cumhurba\u015fkan\u0131 el Esad, bayram namaz\u0131n\u0131n akabinde \u015eeyh el Masri\u2019nin verdi\u011fi bayram hutbesini de dinledi.<\/p>\n<p>\u015eeyh el Masri Cumhurba\u015fkan\u0131 el Esad\u2019a hitap etti\u011fi bayram hutbesinde,\u00a0 el Esad\u2019\u0131n cephenin \u00f6n hatlar\u0131nda askerleri ziyaret ederek onlarla iftar yeme\u011fine kat\u0131ld\u0131\u011f\u0131 ve \u201chayat\u0131m boyunca yedi\u011fim en lezzetli lokma budur\u201d dedi\u011fine de\u011finerek Cumhurba\u015fkan\u0131n\u0131n Suriye Arap Ordusunun azmini g\u00fc\u00e7lendirdi\u011fini ve \u015fevkini artt\u0131rd\u0131\u011f\u0131n\u0131 ifade etti.<\/p>\n<p>\u015eeyh el Masri, el Esad\u2019\u0131n Homs kentini ziyaret edip bayram namaz\u0131n\u0131 burada k\u0131lmas\u0131n\u0131n Homs halk\u0131 i\u00e7in en b\u00fcy\u00fck bayram oldu\u011funu vurgulayarak Suriye\u2019nin ve halk\u0131n\u0131n b\u00fcy\u00fck bir zulmeu\u011frad\u0131\u011f\u0131n\u0131s\u00f6zlerine ekledi.<\/p>\n<p>El Masri, Cumhurba\u015fkan\u0131 el Esad\u2019\u0131n t\u00fcm d\u00fcnyay\u0131 ter\u00f6re, ter\u00f6r\u00fc \u00fcretenler ve ihra\u00e7 edenlere kar\u015f\u0131 uyard\u0131\u011f\u0131na dikkat \u00e7ekerek fakat bug\u00fcn bu b\u00fcy\u00fcn\u00fcn ters tepti\u011fini ve ter\u00f6r\u00fcn onlara uzand\u0131\u011f\u0131n\u0131 kaydetti.<\/p>\n<p>\u201c\u00d6ld\u00fcr\u00fcp keserek Allahuekber s\u00f6z\u00fcn\u00fc k\u00f6t\u00fclediler ve b\u00fcy\u00fck zarar verdiler. Peygamberin makam\u0131n\u0131 k\u00f6t\u00fclediler\u201d diyen el Masri, Kuran Kerim\u2019i kendilerine g\u00f6re yorumlad\u0131klar\u0131na da dikkat \u00e7ekti.<\/p>\n<p>Bayram Hatibi el Masri, Halit Bin Velid kenti Homs\u2019ta dinailesinin Cumhurba\u015fkan\u0131 el Esad\u2019\u0131n etraf\u0131nda kenetlenmeye, vatan\u0131n\u0131 ve dinini savunmaya devam edece\u011fine vurgu yaparak Homs halk\u0131n\u0131n ter\u00f6re kar\u015f\u0131 dimdik ayakta kald\u0131\u011f\u0131n\u0131ve b\u00fcy\u00fck bir m\u00fccadele verdi\u011finin alt\u0131n\u0131 \u00e7izdi.<\/p>\n<p>Homs kentinde oldu\u011fu gibi Suriye\u2019nin di\u011fer kentlerinin de ter\u00f6rden ar\u0131nd\u0131r\u0131larak huzur ve g\u00fcvenli\u011fe kavu\u015fmas\u0131n\u0131 dileyen elMasri, Suriye\u2019yi, liderini, ordusunu ve halk\u0131n\u0131 korumas\u0131 ve d\u00fc\u015fmanlar\u0131na kar\u015f\u0131 zafer kazanmas\u0131 i\u00e7in dua ederek Suriye\u2019nin t\u00fcm \u015fehitlerine Allah\u2019tan rahmet diledi.<\/p>\n<div id='gallery-1' class='gallery galleryid-78698 gallery-columns-2 gallery-size-medium'><figure class='gallery-item'>\n\t\t\t<div class='gallery-icon landscape'>\n\t\t\t\t<a href='https:\/\/archive.sana.sy\/tr\/wp-content\/uploads\/2016\/07\/1-12.jpg'><img loading=\"lazy\" decoding=\"async\" width=\"300\" height=\"150\" src=\"https:\/\/archive.sana.sy\/tr\/wp-content\/uploads\/2016\/07\/1-12-300x150.jpg\" class=\"attachment-medium size-medium\" alt=\"\" srcset=\"https:\/\/archive.sana.sy\/tr\/wp-content\/uploads\/2016\/07\/1-12-300x150.jpg 300w, https:\/\/archive.sana.sy\/tr\/wp-content\/uploads\/2016\/07\/1-12-150x75.jpg 150w, https:\/\/archive.sana.sy\/tr\/wp-content\/uploads\/2016\/07\/1-12.jpg 660w\" sizes=\"auto, (max-width: 300px) 100vw, 300px\" \/><\/a>\n\t\t\t<\/div><\/figure><figure class='gallery-item'>\n\t\t\t<div class='gallery-icon portrait'>\n\t\t\t\t<a href='https:\/\/archive.sana.sy\/tr\/wp-content\/uploads\/2016\/07\/2-10.jpg'><img loading=\"lazy\" decoding=\"async\" width=\"212\" height=\"300\" src=\"https:\/\/archive.sana.sy\/tr\/wp-content\/uploads\/2016\/07\/2-10-212x300.jpg\" class=\"attachment-medium size-medium\" alt=\"\" srcset=\"https:\/\/archive.sana.sy\/tr\/wp-content\/uploads\/2016\/07\/2-10-212x300.jpg 212w, https:\/\/archive.sana.sy\/tr\/wp-content\/uploads\/2016\/07\/2-10-106x150.jpg 106w, https:\/\/archive.sana.sy\/tr\/wp-content\/uploads\/2016\/07\/2-10-768x1087.jpg 768w, https:\/\/archive.sana.sy\/tr\/wp-content\/uploads\/2016\/07\/2-10-723x1024.jpg 723w, https:\/\/archive.sana.sy\/tr\/wp-content\/uploads\/2016\/07\/2-10.jpg 904w\" sizes=\"auto, (max-width: 212px) 100vw, 212px\" \/><\/a>\n\t\t\t<\/div><\/figure><figure class='gallery-item'>\n\t\t\t<div class='gallery-icon portrait'>\n\t\t\t\t<a href='https:\/\/archive.sana.sy\/tr\/wp-content\/uploads\/2016\/07\/3-8.jpg'><img loading=\"lazy\" decoding=\"async\" width=\"250\" height=\"300\" src=\"https:\/\/archive.sana.sy\/tr\/wp-content\/uploads\/2016\/07\/3-8-250x300.jpg\" class=\"attachment-medium size-medium\" alt=\"\" srcset=\"https:\/\/archive.sana.sy\/tr\/wp-content\/uploads\/2016\/07\/3-8-250x300.jpg 250w, https:\/\/archive.sana.sy\/tr\/wp-content\/uploads\/2016\/07\/3-8-125x150.jpg 125w, https:\/\/archive.sana.sy\/tr\/wp-content\/uploads\/2016\/07\/3-8-768x922.jpg 768w, https:\/\/archive.sana.sy\/tr\/wp-content\/uploads\/2016\/07\/3-8-853x1024.jpg 853w, https:\/\/archive.sana.sy\/tr\/wp-content\/uploads\/2016\/07\/3-8.jpg 1066w\" sizes=\"auto, (max-width: 250px) 100vw, 250px\" \/><\/a>\n\t\t\t<\/div><\/figure><figure class='gallery-item'>\n\t\t\t<div class='gallery-icon portrait'>\n\t\t\t\t<a href='https:\/\/archive.sana.sy\/tr\/wp-content\/uploads\/2016\/07\/4-7.jpg'><img loading=\"lazy\" decoding=\"async\" width=\"205\" height=\"300\" src=\"https:\/\/archive.sana.sy\/tr\/wp-content\/uploads\/2016\/07\/4-7-205x300.jpg\" class=\"attachment-medium size-medium\" alt=\"\" srcset=\"https:\/\/archive.sana.sy\/tr\/wp-content\/uploads\/2016\/07\/4-7-205x300.jpg 205w, https:\/\/archive.sana.sy\/tr\/wp-content\/uploads\/2016\/07\/4-7-102x150.jpg 102w, https:\/\/archive.sana.sy\/tr\/wp-content\/uploads\/2016\/07\/4-7-768x1125.jpg 768w, https:\/\/archive.sana.sy\/tr\/wp-content\/uploads\/2016\/07\/4-7-699x1024.jpg 699w, https:\/\/archive.sana.sy\/tr\/wp-content\/uploads\/2016\/07\/4-7.jpg 874w\" sizes=\"auto, (max-width: 205px) 100vw, 205px\" \/><\/a>\n\t\t\t<\/div><\/figure>\n\t\t<\/div>\n\n<p>\u015e.K. &#8211; R.H.<\/p>\n","protected":false},"excerpt":{"rendered":"<p>Homs \u2013 Cumhurba\u015fkan\u0131 Be\u015f\u015far el Esad, Ramazan Bayram\u0131 namaz\u0131n\u0131 bu sabah Homs\u2019un \u015eam Yolu\u00a0 SemtindekiSafa Camiinde K\u0131ld\u0131. Cumhurba\u015fkan\u0131 el Esad\u2019a bayram namaz\u0131nda, Vak\u0131flar Bakan\u0131 Muhammed Abd\u00fclsettar el Seyyid, Cumhuriyet Ba\u015f M\u00fcft\u00fcs\u00fc Ahmet Bedrettin Hassun, Homs Valisi Talalel Barazi\u2019nin yan\u0131 s\u0131ra din ulemalar\u0131 ve vatanda\u015flar e\u015flik ederken bayram namaz\u0131n\u0131 \u015eeyh Isam el Masri k\u0131ld\u0131rd\u0131. Cumhurba\u015fkan\u0131 el &hellip;<\/p>\n","protected":false},"author":1,"featured_media":78699,"comment_status":"closed","ping_status":"closed","sticky":false,"template":"","format":"standard","meta":{"footnotes":""},"categories":[608,479,605,478],"tags":[22264],"class_list":["post-78698","post","type-post","status-publish","format-standard","has-post-thumbnail","","category-etkinlikler","category-haberler-yerel","category-sayin-cumhurbaskani","category-yerel","tag-cumhurbaskani-el-esad-bayram-namazini-homstaki-el-safa-camiinde-kildi"],"_links":{"self":[{"href":"https:\/\/archive.sana.sy\/tr\/index.php?rest_route=\/wp\/v2\/posts\/78698","targetHints":{"allow":["GET"]}}],"collection":[{"href":"https:\/\/archive.sana.sy\/tr\/index.php?rest_route=\/wp\/v2\/posts"}],"about":[{"href":"https:\/\/archive.sana.sy\/tr\/index.php?rest_route=\/wp\/v2\/types\/post"}],"author":[{"embeddable":true,"href":"https:\/\/archive.sana.sy\/tr\/index.php?rest_route=\/wp\/v2\/users\/1"}],"replies":[{"embeddable":true,"href":"https:\/\/archive.sana.sy\/tr\/index.php?rest_route=%2Fwp%2Fv2%2Fcomments&post=78698"}],"version-history":[{"count":0,"href":"https:\/\/archive.sana.sy\/tr\/index.php?rest_route=\/wp\/v2\/posts\/78698\/revisions"}],"wp:featuredmedia":[{"embeddable":true,"href":"https:\/\/archive.sana.sy\/tr\/index.php?rest_route=\/wp\/v2\/media\/78699"}],"wp:attachment":[{"href":"https:\/\/archive.sana.sy\/tr\/index.php?rest_route=%2Fwp%2Fv2%2Fmedia&parent=78698"}],"wp:term":[{"taxonomy":"category","embeddable":true,"href":"https:\/\/archive.sana.sy\/tr\/index.php?rest_route=%2Fwp%2Fv2%2Fcategories&post=78698"},{"taxonomy":"post_tag","embeddable":true,"href":"https:\/\/archive.sana.sy\/tr\/index.php?rest_route=%2Fwp%2Fv2%2Ftags&post=78698"}],"curies":[{"name":"wp","href":"https:\/\/api.w.org\/{rel}","templated":true}]}}