{"id":78716,"date":"2016-07-06T09:00:47","date_gmt":"2016-07-06T06:00:47","guid":{"rendered":"http:\/\/www.sana.sy\/tr\/?p=78716"},"modified":"2016-07-08T14:31:01","modified_gmt":"2016-07-08T11:31:01","slug":"bayramda-homs-ve-tartus-gezisi","status":"publish","type":"post","link":"https:\/\/archive.sana.sy\/tr\/?p=78716","title":{"rendered":"Bayramda Homs ve Tartus Gezisi\u2026"},"content":{"rendered":"<p>\u015eAM \u2013 Suriye Ula\u015ft\u0131rma ve Seyahat \u015eirketi, \u201cSuriye Kalplerimizde\u201d Kampanyas\u0131 kapsam\u0131nda \u0130ftar Bayram\u0131n\u0131n ilk g\u00fcn\u00fc ba\u015flayacak Homs ve Tartus illerine bir gezi d\u00fczenliyor.<\/p>\n<p>\u015eam\u2019dan Ba\u015flamas\u0131 ve 4 g\u00fcn s\u00fcrmesi planlanan gezi kapsam\u0131nda Nadara Vadisi, Me\u015fta el Hiluv, Cennet Vadisi, Tartus Sahili gibi turistik b\u00f6lgeleri ziyaretin yan\u0131 s\u0131ra do\u011fa gezintileri ve e\u011flence programlar\u0131 d\u00fczenleniyor.<\/p>\n<p>Suriye Ula\u015f\u0131m ve Seyahat \u015eirketi M\u00fcd\u00fcr\u00fc Nas\u0131r Kaydban d\u00fcn yapt\u0131\u011f\u0131 a\u00e7\u0131klamada, bu gezinin i\u00e7 turizmi canland\u0131rma ama\u00e7l\u0131 faaliyetler kapsam\u0131nda d\u00fczenlendi\u011fine i\u015faret ederek bu kapsamda d\u00fczenlenen faaliyetlerin \u00fccretlerinin uygun olmas\u0131 itibariyle halk\u0131n b\u00fct\u00fcn kesimlerine hitap etti\u011fini belirtti.<\/p>\n<p>Hat\u0131rlanaca\u011f\u0131 \u00fczere \u015firket 7 Haziran tarihinde de ba\u015fta sahil kesimi olmak \u00fczere \u00fclkenin bir\u00e7ok iline tur d\u00fczenleme program\u0131n\u0131 ilan etmi\u015f ve bu turlar\u0131n olduk\u00e7a uygun \u00fccretlerde olaca\u011f\u0131n\u0131 belirtmi\u015fti.<\/p>\n<p>F.B. &#8211; R.H.<\/p>\n","protected":false},"excerpt":{"rendered":"<p>\u015eAM \u2013 Suriye Ula\u015ft\u0131rma ve Seyahat \u015eirketi, \u201cSuriye Kalplerimizde\u201d Kampanyas\u0131 kapsam\u0131nda \u0130ftar Bayram\u0131n\u0131n ilk g\u00fcn\u00fc ba\u015flayacak Homs ve Tartus illerine bir gezi d\u00fczenliyor. \u015eam\u2019dan Ba\u015flamas\u0131 ve 4 g\u00fcn s\u00fcrmesi planlanan gezi kapsam\u0131nda Nadara Vadisi, Me\u015fta el Hiluv, Cennet Vadisi, Tartus Sahili gibi turistik b\u00f6lgeleri ziyaretin yan\u0131 s\u0131ra do\u011fa gezintileri ve e\u011flence programlar\u0131 d\u00fczenleniyor. Suriye Ula\u015f\u0131m &hellip;<\/p>\n","protected":false},"author":1,"featured_media":78717,"comment_status":"closed","ping_status":"closed","sticky":false,"template":"","format":"standard","meta":{"footnotes":""},"categories":[479,17988,2553,478],"tags":[22267],"class_list":["post-78716","post","type-post","status-publish","format-standard","has-post-thumbnail","","category-haberler-yerel","category-son-haberler","category-turizm","category-yerel","tag-bayramda-homs-ve-tartus-gezisi"],"_links":{"self":[{"href":"https:\/\/archive.sana.sy\/tr\/index.php?rest_route=\/wp\/v2\/posts\/78716","targetHints":{"allow":["GET"]}}],"collection":[{"href":"https:\/\/archive.sana.sy\/tr\/index.php?rest_route=\/wp\/v2\/posts"}],"about":[{"href":"https:\/\/archive.sana.sy\/tr\/index.php?rest_route=\/wp\/v2\/types\/post"}],"author":[{"embeddable":true,"href":"https:\/\/archive.sana.sy\/tr\/index.php?rest_route=\/wp\/v2\/users\/1"}],"replies":[{"embeddable":true,"href":"https:\/\/archive.sana.sy\/tr\/index.php?rest_route=%2Fwp%2Fv2%2Fcomments&post=78716"}],"version-history":[{"count":0,"href":"https:\/\/archive.sana.sy\/tr\/index.php?rest_route=\/wp\/v2\/posts\/78716\/revisions"}],"wp:featuredmedia":[{"embeddable":true,"href":"https:\/\/archive.sana.sy\/tr\/index.php?rest_route=\/wp\/v2\/media\/78717"}],"wp:attachment":[{"href":"https:\/\/archive.sana.sy\/tr\/index.php?rest_route=%2Fwp%2Fv2%2Fmedia&parent=78716"}],"wp:term":[{"taxonomy":"category","embeddable":true,"href":"https:\/\/archive.sana.sy\/tr\/index.php?rest_route=%2Fwp%2Fv2%2Fcategories&post=78716"},{"taxonomy":"post_tag","embeddable":true,"href":"https:\/\/archive.sana.sy\/tr\/index.php?rest_route=%2Fwp%2Fv2%2Ftags&post=78716"}],"curies":[{"name":"wp","href":"https:\/\/api.w.org\/{rel}","templated":true}]}}