{"id":78719,"date":"2016-07-06T10:34:55","date_gmt":"2016-07-06T07:34:55","guid":{"rendered":"http:\/\/www.sana.sy\/tr\/?p=78719"},"modified":"2016-07-06T10:34:55","modified_gmt":"2016-07-06T07:34:55","slug":"cephaneleri-ve-toplanma-yerleri-imha-edilen-teroristlerin-agir-kayiplari-suruyor-3","status":"publish","type":"post","link":"https:\/\/archive.sana.sy\/tr\/?p=78719","title":{"rendered":"Cephaneleri ve Toplanma Yerleri \u0130mha Edilen Ter\u00f6ristlerin A\u011f\u0131r Kay\u0131plar\u0131 S\u00fcr\u00fcyor"},"content":{"rendered":"<p>Ordu birliklerimizin \u015eam k\u0131rsal\u0131 Do\u011fu \u011euta\u2019n\u0131n Meydaa B\u00f6lgesinde kontrol\u00fc alt\u0131ndaki b\u00f6lgeleri geni\u015fletip, b\u00f6lgeyi karargah ve civardaki b\u00f6lgelere sald\u0131r\u0131lar\u0131nda hareket noktas\u0131 olarak kullanan ter\u00f6ristleri ciddi kay\u0131plara u\u011fratt\u0131klar\u0131n\u0131 belirtti<\/p>\n<p>https:\/\/youtu.be\/iDuvrFTqwks<\/p>\n<p>R.H.<\/p>\n","protected":false},"excerpt":{"rendered":"<p>Ordu birliklerimizin \u015eam k\u0131rsal\u0131 Do\u011fu \u011euta\u2019n\u0131n Meydaa B\u00f6lgesinde kontrol\u00fc alt\u0131ndaki b\u00f6lgeleri geni\u015fletip, b\u00f6lgeyi karargah ve civardaki b\u00f6lgelere sald\u0131r\u0131lar\u0131nda hareket noktas\u0131 olarak kullanan ter\u00f6ristleri ciddi kay\u0131plara u\u011fratt\u0131klar\u0131n\u0131 belirtti https:\/\/youtu.be\/iDuvrFTqwks R.H.<\/p>\n","protected":false},"author":1,"featured_media":78720,"comment_status":"closed","ping_status":"closed","sticky":false,"template":"","format":"standard","meta":{"footnotes":""},"categories":[18295],"tags":[22268],"class_list":["post-78719","post","type-post","status-publish","format-standard","has-post-thumbnail","","category-sana-video","tag-cephaneleri-ve-toplanma-yerleri-imha-edilen-teroristlerin-agir-kayiplari-suruyor"],"_links":{"self":[{"href":"https:\/\/archive.sana.sy\/tr\/index.php?rest_route=\/wp\/v2\/posts\/78719","targetHints":{"allow":["GET"]}}],"collection":[{"href":"https:\/\/archive.sana.sy\/tr\/index.php?rest_route=\/wp\/v2\/posts"}],"about":[{"href":"https:\/\/archive.sana.sy\/tr\/index.php?rest_route=\/wp\/v2\/types\/post"}],"author":[{"embeddable":true,"href":"https:\/\/archive.sana.sy\/tr\/index.php?rest_route=\/wp\/v2\/users\/1"}],"replies":[{"embeddable":true,"href":"https:\/\/archive.sana.sy\/tr\/index.php?rest_route=%2Fwp%2Fv2%2Fcomments&post=78719"}],"version-history":[{"count":0,"href":"https:\/\/archive.sana.sy\/tr\/index.php?rest_route=\/wp\/v2\/posts\/78719\/revisions"}],"wp:featuredmedia":[{"embeddable":true,"href":"https:\/\/archive.sana.sy\/tr\/index.php?rest_route=\/wp\/v2\/media\/78720"}],"wp:attachment":[{"href":"https:\/\/archive.sana.sy\/tr\/index.php?rest_route=%2Fwp%2Fv2%2Fmedia&parent=78719"}],"wp:term":[{"taxonomy":"category","embeddable":true,"href":"https:\/\/archive.sana.sy\/tr\/index.php?rest_route=%2Fwp%2Fv2%2Fcategories&post=78719"},{"taxonomy":"post_tag","embeddable":true,"href":"https:\/\/archive.sana.sy\/tr\/index.php?rest_route=%2Fwp%2Fv2%2Ftags&post=78719"}],"curies":[{"name":"wp","href":"https:\/\/api.w.org\/{rel}","templated":true}]}}