{"id":78722,"date":"2016-07-06T10:00:07","date_gmt":"2016-07-06T07:00:07","guid":{"rendered":"http:\/\/www.sana.sy\/tr\/?p=78722"},"modified":"2016-07-06T10:37:19","modified_gmt":"2016-07-06T07:37:19","slug":"genelkurmay-baskani-lazkiye-kirsalinda-askeri-birlikleri-inceledi","status":"publish","type":"post","link":"https:\/\/archive.sana.sy\/tr\/?p=78722","title":{"rendered":"Genelkurmay Ba\u015fkan\u0131 Lazkiye K\u0131rsal\u0131nda Askeri Birlikleri \u0130nceledi"},"content":{"rendered":"<p>Genel Kurmay Ba\u015fkan\u0131 Korgeneral Ali Abdullah Ey\u00fcp Ordu ve Silahl\u0131 Kuvvetler Genel Komutanl\u0131\u011f\u0131nda \u00fcst d\u00fczey general ve subaylar\u0131n e\u015fli\u011finde Lazkiye k\u0131rsal\u0131nda vatan ve halk\u0131 savunma g\u00f6revini yerine getiren ordu birliklerimize saha gezisinde bulunup incelemelerde bulundu<\/p>\n<p>https:\/\/youtu.be\/IUB5WXV4ROI<\/p>\n<p>R.H.<\/p>\n","protected":false},"excerpt":{"rendered":"<p>Genel Kurmay Ba\u015fkan\u0131 Korgeneral Ali Abdullah Ey\u00fcp Ordu ve Silahl\u0131 Kuvvetler Genel Komutanl\u0131\u011f\u0131nda \u00fcst d\u00fczey general ve subaylar\u0131n e\u015fli\u011finde Lazkiye k\u0131rsal\u0131nda vatan ve halk\u0131 savunma g\u00f6revini yerine getiren ordu birliklerimize saha gezisinde bulunup incelemelerde bulundu https:\/\/youtu.be\/IUB5WXV4ROI R.H.<\/p>\n","protected":false},"author":1,"featured_media":78723,"comment_status":"closed","ping_status":"closed","sticky":false,"template":"","format":"standard","meta":{"footnotes":""},"categories":[18295],"tags":[22269],"class_list":["post-78722","post","type-post","status-publish","format-standard","has-post-thumbnail","","category-sana-video","tag-genelkurmay-baskani-lazkiye-kirsalinda-askeri-birlikleri-inceledi"],"_links":{"self":[{"href":"https:\/\/archive.sana.sy\/tr\/index.php?rest_route=\/wp\/v2\/posts\/78722","targetHints":{"allow":["GET"]}}],"collection":[{"href":"https:\/\/archive.sana.sy\/tr\/index.php?rest_route=\/wp\/v2\/posts"}],"about":[{"href":"https:\/\/archive.sana.sy\/tr\/index.php?rest_route=\/wp\/v2\/types\/post"}],"author":[{"embeddable":true,"href":"https:\/\/archive.sana.sy\/tr\/index.php?rest_route=\/wp\/v2\/users\/1"}],"replies":[{"embeddable":true,"href":"https:\/\/archive.sana.sy\/tr\/index.php?rest_route=%2Fwp%2Fv2%2Fcomments&post=78722"}],"version-history":[{"count":0,"href":"https:\/\/archive.sana.sy\/tr\/index.php?rest_route=\/wp\/v2\/posts\/78722\/revisions"}],"wp:featuredmedia":[{"embeddable":true,"href":"https:\/\/archive.sana.sy\/tr\/index.php?rest_route=\/wp\/v2\/media\/78723"}],"wp:attachment":[{"href":"https:\/\/archive.sana.sy\/tr\/index.php?rest_route=%2Fwp%2Fv2%2Fmedia&parent=78722"}],"wp:term":[{"taxonomy":"category","embeddable":true,"href":"https:\/\/archive.sana.sy\/tr\/index.php?rest_route=%2Fwp%2Fv2%2Fcategories&post=78722"},{"taxonomy":"post_tag","embeddable":true,"href":"https:\/\/archive.sana.sy\/tr\/index.php?rest_route=%2Fwp%2Fv2%2Ftags&post=78722"}],"curies":[{"name":"wp","href":"https:\/\/api.w.org\/{rel}","templated":true}]}}