{"id":78741,"date":"2016-07-06T09:30:47","date_gmt":"2016-07-06T06:30:47","guid":{"rendered":"http:\/\/www.sana.sy\/tr\/?p=78741"},"modified":"2016-07-07T12:21:08","modified_gmt":"2016-07-07T09:21:08","slug":"milli-atletimiz-gumus-madalya-kazandi","status":"publish","type":"post","link":"https:\/\/archive.sana.sy\/tr\/?p=78741","title":{"rendered":"Milli Atletimiz G\u00fcm\u00fc\u015f Madalya Kazand\u0131"},"content":{"rendered":"<p>\u015eAM \u2013 Suriye Milli Atlet Tak\u0131m\u0131ndan Afran Muhammed d\u00fcn Uluslararas\u0131 Kazakistan \u015eampiyonas\u0131 kapsam\u0131nda Almat\u0131 kentinde, Asyal\u0131 9 \u00fclkenin kat\u0131l\u0131m\u0131yla d\u00fczenlenen 400 metre engelli ko\u015fu yar\u0131\u015f\u0131nda ikinci gelerek g\u00fcm\u00fc\u015f madalya almaya hak kazand\u0131.<\/p>\n<p><a href=\"http:\/\/www.sana.sy\/tr\/wp-content\/uploads\/2016\/07\/atlettt.jpg\"><img loading=\"lazy\" decoding=\"async\" class=\"alignright wp-image-78743 size-medium\" src=\"http:\/\/www.sana.sy\/tr\/wp-content\/uploads\/2016\/07\/atlettt-300x263.jpg\" alt=\"atlettt\" width=\"300\" height=\"263\" srcset=\"https:\/\/archive.sana.sy\/tr\/wp-content\/uploads\/2016\/07\/atlettt-300x263.jpg 300w, https:\/\/archive.sana.sy\/tr\/wp-content\/uploads\/2016\/07\/atlettt-150x132.jpg 150w, https:\/\/archive.sana.sy\/tr\/wp-content\/uploads\/2016\/07\/atlettt-768x674.jpg 768w, https:\/\/archive.sana.sy\/tr\/wp-content\/uploads\/2016\/07\/atlettt-1024x899.jpg 1024w, https:\/\/archive.sana.sy\/tr\/wp-content\/uploads\/2016\/07\/atlettt.jpg 2000w\" sizes=\"auto, (max-width: 300px) 100vw, 300px\" \/><\/a><br \/>\nMuhammed Kazakistan \u015eampiyonas\u0131na, \u00f6n\u00fcm\u00fczdeki A\u011fustos ay\u0131nda Brezilya\u2019da d\u00fczenlenecek Rio De Jeneiro Olimpiyatlar\u0131na haz\u0131rl\u0131k yar\u0131\u015flar\u0131 kapsam\u0131nda kat\u0131ld\u0131\u011f\u0131n\u0131 ifade etti.<br \/>\n\u015eampiyonluk yar\u0131\u015flar\u0131na y\u00fcksek atlama alan\u0131nda kat\u0131lan milli sporcumuz Rehif Selame ise 170 Cm y\u00fckseklik ile \u00fc\u00e7\u00fcnc\u00fcl\u00fc\u011f\u00fc kazanarak bronz madalya ald\u0131.<\/p>\n","protected":false},"excerpt":{"rendered":"<p>\u015eAM \u2013 Suriye Milli Atlet Tak\u0131m\u0131ndan Afran Muhammed d\u00fcn Uluslararas\u0131 Kazakistan \u015eampiyonas\u0131 kapsam\u0131nda Almat\u0131 kentinde, Asyal\u0131 9 \u00fclkenin kat\u0131l\u0131m\u0131yla d\u00fczenlenen 400 metre engelli ko\u015fu yar\u0131\u015f\u0131nda ikinci gelerek g\u00fcm\u00fc\u015f madalya almaya hak kazand\u0131. Muhammed Kazakistan \u015eampiyonas\u0131na, \u00f6n\u00fcm\u00fczdeki A\u011fustos ay\u0131nda Brezilya\u2019da d\u00fczenlenecek Rio De Jeneiro Olimpiyatlar\u0131na haz\u0131rl\u0131k yar\u0131\u015flar\u0131 kapsam\u0131nda kat\u0131ld\u0131\u011f\u0131n\u0131 ifade etti. \u015eampiyonluk yar\u0131\u015flar\u0131na y\u00fcksek atlama alan\u0131nda &hellip;<\/p>\n","protected":false},"author":1,"featured_media":78742,"comment_status":"closed","ping_status":"closed","sticky":false,"template":"","format":"standard","meta":{"footnotes":""},"categories":[498,17988,496],"tags":[22274,22272,22273],"class_list":["post-78741","post","type-post","status-publish","format-standard","has-post-thumbnail","","category-dunya-turnuvalari","category-son-haberler","category-spor","tag-afran-muhammed","tag-milli-atletimiz-gumus-madalya-kazandi","tag-suriye-milli-atlet-takimi"],"_links":{"self":[{"href":"https:\/\/archive.sana.sy\/tr\/index.php?rest_route=\/wp\/v2\/posts\/78741","targetHints":{"allow":["GET"]}}],"collection":[{"href":"https:\/\/archive.sana.sy\/tr\/index.php?rest_route=\/wp\/v2\/posts"}],"about":[{"href":"https:\/\/archive.sana.sy\/tr\/index.php?rest_route=\/wp\/v2\/types\/post"}],"author":[{"embeddable":true,"href":"https:\/\/archive.sana.sy\/tr\/index.php?rest_route=\/wp\/v2\/users\/1"}],"replies":[{"embeddable":true,"href":"https:\/\/archive.sana.sy\/tr\/index.php?rest_route=%2Fwp%2Fv2%2Fcomments&post=78741"}],"version-history":[{"count":0,"href":"https:\/\/archive.sana.sy\/tr\/index.php?rest_route=\/wp\/v2\/posts\/78741\/revisions"}],"wp:featuredmedia":[{"embeddable":true,"href":"https:\/\/archive.sana.sy\/tr\/index.php?rest_route=\/wp\/v2\/media\/78742"}],"wp:attachment":[{"href":"https:\/\/archive.sana.sy\/tr\/index.php?rest_route=%2Fwp%2Fv2%2Fmedia&parent=78741"}],"wp:term":[{"taxonomy":"category","embeddable":true,"href":"https:\/\/archive.sana.sy\/tr\/index.php?rest_route=%2Fwp%2Fv2%2Fcategories&post=78741"},{"taxonomy":"post_tag","embeddable":true,"href":"https:\/\/archive.sana.sy\/tr\/index.php?rest_route=%2Fwp%2Fv2%2Ftags&post=78741"}],"curies":[{"name":"wp","href":"https:\/\/api.w.org\/{rel}","templated":true}]}}