{"id":7884,"date":"2014-08-21T13:17:37","date_gmt":"2014-08-21T10:17:37","guid":{"rendered":"http:\/\/www.sana.sy\/tr\/?p=7884"},"modified":"2014-08-21T13:17:37","modified_gmt":"2014-08-21T10:17:37","slug":"suriyedeki-teror-ceteleri-abd-ve-muttefiklerinin-yapimidir","status":"publish","type":"post","link":"https:\/\/archive.sana.sy\/tr\/?p=7884","title":{"rendered":"Suriye&#8217;deki Ter\u00f6r \u00c7eteleri ABD ve M\u00fcttefiklerinin Yap\u0131m\u0131d\u0131r"},"content":{"rendered":"<p>MOSKOVA \u2013 Moskova\u2019y\u0131 ziyaret etmekte olan Suriyeli A\u015firetler Konseyi heyeti Suriye&#8217;deki krize \u00e7\u00f6z\u00fcm bulma ve \u015fiddete son vermenin ancak ve ancak bizzat Suriyelilerin aras\u0131nda ve Suriyelilerin y\u00f6netiminde siyasi diyalog ve bar\u0131\u015f\u00e7\u0131l yollarla m\u00fcmk\u00fcn olabilece\u011fini vurgulad\u0131.<\/p>\n<p>Suriyeli A\u015firetler Konsey Heyeti Moskova&#8217;da d\u00fczenledi\u011fi bas\u0131n toplant\u0131s\u0131nda A\u015firetler Konseyinin; tarih boyunca ho\u015fg\u00f6r\u00fc, karde\u015flik ve medeniyetler be\u015fi\u011fi Suriye&#8217;de insan\u0131, medeniyeti ve her \u015feyi hedef alan y\u0131k\u0131m, \u00f6l\u00fcm ve \u015fiddete son vermek oldu\u011funu belirtti.<\/p>\n<p>Heyet \u00fcyeleri Rusya ba\u015fkan\u0131n\u0131n Ortado\u011fu \u00f6zel temsilcisi ve D\u0131\u015fi\u015fleri Bakan\u0131 Yard\u0131mc\u0131s\u0131 Mikhail Bogdanov ile temaslar\u0131nda ileri d\u00fczeyde g\u00f6r\u00fc\u015f birili\u011fi kaydettiklerine i\u015faret ettiler.<\/p>\n<p><a href=\"http:\/\/www.sana.sy\/tr\/wp-content\/uploads\/2014\/08\/A\u015firet-3.jpg\"><img loading=\"lazy\" decoding=\"async\" class=\"alignright wp-image-7885 size-medium\" src=\"http:\/\/www.sana.sy\/tr\/wp-content\/uploads\/2014\/08\/A\u015firet-3-300x233.jpg\" alt=\"A\u015firet 3\" width=\"300\" height=\"233\" srcset=\"https:\/\/archive.sana.sy\/tr\/wp-content\/uploads\/2014\/08\/A\u015firet-3-300x233.jpg 300w, https:\/\/archive.sana.sy\/tr\/wp-content\/uploads\/2014\/08\/A\u015firet-3-150x116.jpg 150w, https:\/\/archive.sana.sy\/tr\/wp-content\/uploads\/2014\/08\/A\u015firet-3-1024x796.jpg 1024w, https:\/\/archive.sana.sy\/tr\/wp-content\/uploads\/2014\/08\/A\u015firet-3.jpg 1149w\" sizes=\"auto, (max-width: 300px) 100vw, 300px\" \/><\/a>D\u00fcnyan\u0131n muhtelif b\u00f6lgelerinden gelen \u00e7okuluslu ter\u00f6r \u00e7etelerinin Suriye&#8217;de vah\u015fi eylemlerinde hi\u00e7bir s\u0131n\u0131r tan\u0131mad\u0131klar\u0131na i\u015faret eden heyet \u00fcyeleri; masum insanlar\u0131 so\u011fuk kanl\u0131l\u0131kla katleden bu \u00e7etelerin ABD ve m\u00fcttefiklerinin yap\u0131m\u0131 olduklar\u0131n\u0131 belirtti.<\/p>\n<p>Suriyeli A\u015firetler Konseyi Ba\u015fkan\u0131 \u015eeyh faysal Abd\u00fcrrahman yapt\u0131\u011f\u0131 a\u00e7\u0131klamada; Rusya&#8217;n\u0131n herhangi bir s\u00f6m\u00fcr\u00fc plan\u0131 olmad\u0131\u011f\u0131 gibi Suriye&#8217;nin de b\u00f6l\u00fcnmesini de istemedi\u011fine dikkat \u00e7ekerken; ilk ziyaretlerinin Rusya&#8217;ya olma nedeninin bu oldu\u011funu belirtti.<\/p>\n<p>&nbsp;<\/p>\n","protected":false},"excerpt":{"rendered":"<p>MOSKOVA \u2013 Moskova\u2019y\u0131 ziyaret etmekte olan Suriyeli A\u015firetler Konseyi heyeti Suriye&#8217;deki krize \u00e7\u00f6z\u00fcm bulma ve \u015fiddete son vermenin ancak ve ancak bizzat Suriyelilerin aras\u0131nda ve Suriyelilerin y\u00f6netiminde siyasi diyalog ve bar\u0131\u015f\u00e7\u0131l yollarla m\u00fcmk\u00fcn olabilece\u011fini vurgulad\u0131. Suriyeli A\u015firetler Konsey Heyeti Moskova&#8217;da d\u00fczenledi\u011fi bas\u0131n toplant\u0131s\u0131nda A\u015firetler Konseyinin; tarih boyunca ho\u015fg\u00f6r\u00fc, karde\u015flik ve medeniyetler be\u015fi\u011fi Suriye&#8217;de insan\u0131, medeniyeti &hellip;<\/p>\n","protected":false},"author":1,"featured_media":7886,"comment_status":"closed","ping_status":"closed","sticky":false,"template":"","format":"standard","meta":{"footnotes":""},"categories":[458,459,447],"tags":[1767],"class_list":["post-7884","post","type-post","status-publish","format-standard","has-post-thumbnail","","category-dunya1","category-haberler-arap-uluslararasi-politika","category-politika","tag-suriyedeki-teror-ceteleri-abd-ve-muttefiklerinin-yapimidir"],"_links":{"self":[{"href":"https:\/\/archive.sana.sy\/tr\/index.php?rest_route=\/wp\/v2\/posts\/7884","targetHints":{"allow":["GET"]}}],"collection":[{"href":"https:\/\/archive.sana.sy\/tr\/index.php?rest_route=\/wp\/v2\/posts"}],"about":[{"href":"https:\/\/archive.sana.sy\/tr\/index.php?rest_route=\/wp\/v2\/types\/post"}],"author":[{"embeddable":true,"href":"https:\/\/archive.sana.sy\/tr\/index.php?rest_route=\/wp\/v2\/users\/1"}],"replies":[{"embeddable":true,"href":"https:\/\/archive.sana.sy\/tr\/index.php?rest_route=%2Fwp%2Fv2%2Fcomments&post=7884"}],"version-history":[{"count":0,"href":"https:\/\/archive.sana.sy\/tr\/index.php?rest_route=\/wp\/v2\/posts\/7884\/revisions"}],"wp:featuredmedia":[{"embeddable":true,"href":"https:\/\/archive.sana.sy\/tr\/index.php?rest_route=\/wp\/v2\/media\/7886"}],"wp:attachment":[{"href":"https:\/\/archive.sana.sy\/tr\/index.php?rest_route=%2Fwp%2Fv2%2Fmedia&parent=7884"}],"wp:term":[{"taxonomy":"category","embeddable":true,"href":"https:\/\/archive.sana.sy\/tr\/index.php?rest_route=%2Fwp%2Fv2%2Fcategories&post=7884"},{"taxonomy":"post_tag","embeddable":true,"href":"https:\/\/archive.sana.sy\/tr\/index.php?rest_route=%2Fwp%2Fv2%2Ftags&post=7884"}],"curies":[{"name":"wp","href":"https:\/\/api.w.org\/{rel}","templated":true}]}}