{"id":78850,"date":"2016-07-08T22:49:17","date_gmt":"2016-07-08T19:49:17","guid":{"rendered":"http:\/\/www.sana.sy\/tr\/?p=78850"},"modified":"2016-07-09T13:54:18","modified_gmt":"2016-07-09T10:54:18","slug":"tekfirci-isid-teror-orgutu-vahsi-katliamlarina-bir-yenisini-ekledi","status":"publish","type":"post","link":"https:\/\/archive.sana.sy\/tr\/?p=78850","title":{"rendered":"Tekfirci I\u015e\u0130D Ter\u00f6r \u00d6rg\u00fct\u00fc Vah\u015fi Katliamlar\u0131na Bir Yenisini Ekledi"},"content":{"rendered":"<p>RAKKA \u2013 I\u015e\u0130D ter\u00f6r \u00f6rg\u00fct\u00fc Rakka\u2019da Gen\u00e7lik Futbol Kul\u00fcb\u00fcnden \u00fc\u00e7 futbolcuyu ve bir antren\u00f6r\u00fc katletti.<\/p>\n<p>Sivil kaynaklar\u0131n verdi\u011fi bilgiye g\u00f6re I\u015e\u0130D\u2019li tekfirci ter\u00f6ristler aralar\u0131nda Usame Ebu Kveyt, Nihat el H\u00fcseyin, \u0130hsan el \u015eevvah isimli futbolcular\u0131 ve Ahmet el \u015eevvah\u2019\u0131n ba\u015flar\u0131n\u0131 keserek katlederek cesetlerini Rakka kentinde Devlet Bulvar\u0131na b\u0131rakt\u0131klar.<\/p>\n<p>SANA\u2019ya a\u00e7\u0131klama yapan Spor Birli\u011fi Ba\u015fkan\u0131 Muvaffak Cuma, Tekfirci I\u015e\u0130D ter\u00f6ristlerinin bu katliam\u0131n\u0131 \u015fiddetle k\u0131nayarak tekfirci ter\u00f6ristlerin tarz\u0131n\u0131n insanl\u0131k d\u0131\u015f\u0131 ve vah\u015fi olmas\u0131 itibariyle \u015fa\u015f\u0131rt\u0131c\u0131 bulmad\u0131\u011f\u0131n\u0131 belirtti.<\/p>\n","protected":false},"excerpt":{"rendered":"<p>RAKKA \u2013 I\u015e\u0130D ter\u00f6r \u00f6rg\u00fct\u00fc Rakka\u2019da Gen\u00e7lik Futbol Kul\u00fcb\u00fcnden \u00fc\u00e7 futbolcuyu ve bir antren\u00f6r\u00fc katletti. Sivil kaynaklar\u0131n verdi\u011fi bilgiye g\u00f6re I\u015e\u0130D\u2019li tekfirci ter\u00f6ristler aralar\u0131nda Usame Ebu Kveyt, Nihat el H\u00fcseyin, \u0130hsan el \u015eevvah isimli futbolcular\u0131 ve Ahmet el \u015eevvah\u2019\u0131n ba\u015flar\u0131n\u0131 keserek katlederek cesetlerini Rakka kentinde Devlet Bulvar\u0131na b\u0131rakt\u0131klar. SANA\u2019ya a\u00e7\u0131klama yapan Spor Birli\u011fi Ba\u015fkan\u0131 Muvaffak &hellip;<\/p>\n","protected":false},"author":1,"featured_media":78878,"comment_status":"closed","ping_status":"closed","sticky":false,"template":"","format":"standard","meta":{"footnotes":""},"categories":[479,575,17988,478],"tags":[3464,18237,18576,2318,18692,20076,18347,19209,2493,18674,19043,22182,19034],"class_list":["post-78850","post","type-post","status-publish","format-standard","has-post-thumbnail","","category-haberler-yerel","category-olaylar-ve-gercekler","category-son-haberler","category-yerel","tag-nusra-cephesi","tag-cihatcilar","tag-daes","tag-isid","tag-katliam","tag-mucahitler","tag-oso","tag-radikaller","tag-rakka","tag-silahli-muhalifler","tag-suriyede-son-durum","tag-suriyede-savas","tag-suriyeli-muhalifler"],"_links":{"self":[{"href":"https:\/\/archive.sana.sy\/tr\/index.php?rest_route=\/wp\/v2\/posts\/78850","targetHints":{"allow":["GET"]}}],"collection":[{"href":"https:\/\/archive.sana.sy\/tr\/index.php?rest_route=\/wp\/v2\/posts"}],"about":[{"href":"https:\/\/archive.sana.sy\/tr\/index.php?rest_route=\/wp\/v2\/types\/post"}],"author":[{"embeddable":true,"href":"https:\/\/archive.sana.sy\/tr\/index.php?rest_route=\/wp\/v2\/users\/1"}],"replies":[{"embeddable":true,"href":"https:\/\/archive.sana.sy\/tr\/index.php?rest_route=%2Fwp%2Fv2%2Fcomments&post=78850"}],"version-history":[{"count":0,"href":"https:\/\/archive.sana.sy\/tr\/index.php?rest_route=\/wp\/v2\/posts\/78850\/revisions"}],"wp:featuredmedia":[{"embeddable":true,"href":"https:\/\/archive.sana.sy\/tr\/index.php?rest_route=\/wp\/v2\/media\/78878"}],"wp:attachment":[{"href":"https:\/\/archive.sana.sy\/tr\/index.php?rest_route=%2Fwp%2Fv2%2Fmedia&parent=78850"}],"wp:term":[{"taxonomy":"category","embeddable":true,"href":"https:\/\/archive.sana.sy\/tr\/index.php?rest_route=%2Fwp%2Fv2%2Fcategories&post=78850"},{"taxonomy":"post_tag","embeddable":true,"href":"https:\/\/archive.sana.sy\/tr\/index.php?rest_route=%2Fwp%2Fv2%2Ftags&post=78850"}],"curies":[{"name":"wp","href":"https:\/\/api.w.org\/{rel}","templated":true}]}}