{"id":78881,"date":"2016-07-08T14:32:06","date_gmt":"2016-07-08T11:32:06","guid":{"rendered":"http:\/\/www.sana.sy\/tr\/?p=78881"},"modified":"2016-07-09T13:54:27","modified_gmt":"2016-07-09T10:54:27","slug":"suriyede-helikopterinin-dustugunu-yalanladi","status":"publish","type":"post","link":"https:\/\/archive.sana.sy\/tr\/?p=78881","title":{"rendered":"Suriye&#8217;de Helikopterinin D\u00fc\u015ft\u00fc\u011f\u00fcn\u00fc Yalanlad\u0131"},"content":{"rendered":"<p>LAZK\u0130YE \u2013 Rusya Savunma Bakanl\u0131\u011f\u0131 bug\u00fcn; Suriye Arap Cumhuriyeti topraklar\u0131 \u00fczerinde herhangi bir helikopterinin d\u00fc\u015ft\u00fc\u011f\u00fc y\u00f6n\u00fcnde kimi medya ara\u00e7lar\u0131n\u0131n yayd\u0131\u011f\u0131 haberin hi\u00e7bir asl\u0131 ger\u00e7e\u011fi olmad\u0131\u011f\u0131n\u0131 belirtti.<\/p>\n<p>Lazkiye k\u0131rsal\u0131 Hmeymim Hava \u00dcss\u00fcnde Rus bakanl\u0131k s\u00f6zc\u00fcs\u00fc, Suriye&#8217;de ter\u00f6re kar\u015f\u0131 operasyonlarda bulunan Rus t\u00fcm helikopterlerin g\u00f6revlerini ba\u015far\u0131yla yerine getirmeleri ard\u0131ndan \u00fcslerine sa\u011f salim d\u00f6nd\u00fcklerini belirtti.<\/p>\n<p>Bir k\u0131s\u0131m medya ara\u00e7lar\u0131; Rus bir helikopterin Homs k\u0131rsal\u0131n\u0131n do\u011fusu Tedmur Kenti civar\u0131nda I\u015e\u0130D mevkilerini hedef almas\u0131 s\u0131ras\u0131nda d\u00fc\u015ft\u00fc\u011f\u00fcn\u00fc ifade eden as\u0131ls\u0131z bir iddiada bulunmu\u015ftu.<\/p>\n","protected":false},"excerpt":{"rendered":"<p>LAZK\u0130YE \u2013 Rusya Savunma Bakanl\u0131\u011f\u0131 bug\u00fcn; Suriye Arap Cumhuriyeti topraklar\u0131 \u00fczerinde herhangi bir helikopterinin d\u00fc\u015ft\u00fc\u011f\u00fc y\u00f6n\u00fcnde kimi medya ara\u00e7lar\u0131n\u0131n yayd\u0131\u011f\u0131 haberin hi\u00e7bir asl\u0131 ger\u00e7e\u011fi olmad\u0131\u011f\u0131n\u0131 belirtti. Lazkiye k\u0131rsal\u0131 Hmeymim Hava \u00dcss\u00fcnde Rus bakanl\u0131k s\u00f6zc\u00fcs\u00fc, Suriye&#8217;de ter\u00f6re kar\u015f\u0131 operasyonlarda bulunan Rus t\u00fcm helikopterlerin g\u00f6revlerini ba\u015far\u0131yla yerine getirmeleri ard\u0131ndan \u00fcslerine sa\u011f salim d\u00f6nd\u00fcklerini belirtti. Bir k\u0131s\u0131m medya &hellip;<\/p>\n","protected":false},"author":1,"featured_media":78882,"comment_status":"closed","ping_status":"closed","sticky":false,"template":"","format":"standard","meta":{"footnotes":""},"categories":[458,459,575,17988],"tags":[],"class_list":["post-78881","post","type-post","status-publish","format-standard","has-post-thumbnail","","category-dunya1","category-haberler-arap-uluslararasi-politika","category-olaylar-ve-gercekler","category-son-haberler"],"_links":{"self":[{"href":"https:\/\/archive.sana.sy\/tr\/index.php?rest_route=\/wp\/v2\/posts\/78881","targetHints":{"allow":["GET"]}}],"collection":[{"href":"https:\/\/archive.sana.sy\/tr\/index.php?rest_route=\/wp\/v2\/posts"}],"about":[{"href":"https:\/\/archive.sana.sy\/tr\/index.php?rest_route=\/wp\/v2\/types\/post"}],"author":[{"embeddable":true,"href":"https:\/\/archive.sana.sy\/tr\/index.php?rest_route=\/wp\/v2\/users\/1"}],"replies":[{"embeddable":true,"href":"https:\/\/archive.sana.sy\/tr\/index.php?rest_route=%2Fwp%2Fv2%2Fcomments&post=78881"}],"version-history":[{"count":0,"href":"https:\/\/archive.sana.sy\/tr\/index.php?rest_route=\/wp\/v2\/posts\/78881\/revisions"}],"wp:featuredmedia":[{"embeddable":true,"href":"https:\/\/archive.sana.sy\/tr\/index.php?rest_route=\/wp\/v2\/media\/78882"}],"wp:attachment":[{"href":"https:\/\/archive.sana.sy\/tr\/index.php?rest_route=%2Fwp%2Fv2%2Fmedia&parent=78881"}],"wp:term":[{"taxonomy":"category","embeddable":true,"href":"https:\/\/archive.sana.sy\/tr\/index.php?rest_route=%2Fwp%2Fv2%2Fcategories&post=78881"},{"taxonomy":"post_tag","embeddable":true,"href":"https:\/\/archive.sana.sy\/tr\/index.php?rest_route=%2Fwp%2Fv2%2Ftags&post=78881"}],"curies":[{"name":"wp","href":"https:\/\/api.w.org\/{rel}","templated":true}]}}