{"id":78884,"date":"2016-07-09T10:30:00","date_gmt":"2016-07-09T07:30:00","guid":{"rendered":"http:\/\/www.sana.sy\/tr\/?p=78884"},"modified":"2016-07-09T13:02:21","modified_gmt":"2016-07-09T10:02:21","slug":"kampanya-calismalari-sona-erdi","status":"publish","type":"post","link":"https:\/\/archive.sana.sy\/tr\/?p=78884","title":{"rendered":"Kampanya \u00c7al\u0131\u015fmalar\u0131 Sona Erdi"},"content":{"rendered":"<p>S\u00dcVEYDA \u2013 Antakya ve T\u00fcn Do\u011fu Rum Ortodokslar Patrikli\u011fine tabi Ek\u00fcmenik \u0130li\u015fkiler ve Kalk\u0131nma Dairesinin S\u00fcveyda \u0130line tehcir edilen ter\u00f6r ma\u011fdurlar\u0131na maddi ve manevi destek ama\u00e7l\u0131 olarak ba\u015flatt\u0131\u011f\u0131 Elvan (Renkler) Kampanyas\u0131 \u00e7al\u0131\u015fmalar\u0131n\u0131 tamamlad\u0131.<\/p>\n<p>Kampanya kapsam\u0131nda d\u00fczenlenen son etkinlikte Spor Kentinde psikolojik destek ama\u00e7l\u0131 k\u00fclt\u00fcrel ve sanatsal faaliyetlerin yan\u0131 s\u0131ra \u00e7ocuklar i\u00e7in de bir \u00e7al\u0131\u015ftay kuruldu.<\/p>\n<p>Dairenin S\u00fcveyda \u0130l \u015eube M\u00fcd\u00fcr\u00fc Ragida el E\u015fhab; kampanyan\u0131n kitlesel kat\u0131l\u0131m ayr\u0131cal\u0131\u011f\u0131 ta\u015f\u0131d\u0131\u011f\u0131n\u0131 ifade ederken, ter\u00f6r ma\u011fduru aileler taraf\u0131ndan b\u00fcy\u00fck bir ilgi ve etkile\u015fime tan\u0131k oldu\u011funu ifade etti.<\/p>\n<p>03 Temmuz tarihinde ba\u015flat\u0131lan kampanyada tatl\u0131 \u00e7e\u015fitleri \u00fcretimi ve ter\u00f6r ma\u011fduru ailelere da\u011f\u0131t\u0131m \u00e7al\u0131\u015fmalar\u0131n\u0131n yan\u0131 s\u0131ra maddi ve manevi destek ama\u00e7l\u0131 bir dizi k\u00fclt\u00fcrel ve sanatsal faaliyetler i\u00e7erdi.<\/p>\n","protected":false},"excerpt":{"rendered":"<p>S\u00dcVEYDA \u2013 Antakya ve T\u00fcn Do\u011fu Rum Ortodokslar Patrikli\u011fine tabi Ek\u00fcmenik \u0130li\u015fkiler ve Kalk\u0131nma Dairesinin S\u00fcveyda \u0130line tehcir edilen ter\u00f6r ma\u011fdurlar\u0131na maddi ve manevi destek ama\u00e7l\u0131 olarak ba\u015flatt\u0131\u011f\u0131 Elvan (Renkler) Kampanyas\u0131 \u00e7al\u0131\u015fmalar\u0131n\u0131 tamamlad\u0131. Kampanya kapsam\u0131nda d\u00fczenlenen son etkinlikte Spor Kentinde psikolojik destek ama\u00e7l\u0131 k\u00fclt\u00fcrel ve sanatsal faaliyetlerin yan\u0131 s\u0131ra \u00e7ocuklar i\u00e7in de bir \u00e7al\u0131\u015ftay kuruldu. &hellip;<\/p>\n","protected":false},"author":1,"featured_media":78885,"comment_status":"closed","ping_status":"closed","sticky":false,"template":"","format":"standard","meta":{"footnotes":""},"categories":[526,479,17988,525,478],"tags":[19043,22300,22299,22180],"class_list":["post-78884","post","type-post","status-publish","format-standard","has-post-thumbnail","","category-haber-ve-raporlar","category-haberler-yerel","category-son-haberler","category-toplum","category-yerel","tag-suriyede-son-durum","tag-suriyeli-siginmacilar","tag-teror-magdurlarina-destek","tag-terorden-kacan-suriyeliler"],"_links":{"self":[{"href":"https:\/\/archive.sana.sy\/tr\/index.php?rest_route=\/wp\/v2\/posts\/78884","targetHints":{"allow":["GET"]}}],"collection":[{"href":"https:\/\/archive.sana.sy\/tr\/index.php?rest_route=\/wp\/v2\/posts"}],"about":[{"href":"https:\/\/archive.sana.sy\/tr\/index.php?rest_route=\/wp\/v2\/types\/post"}],"author":[{"embeddable":true,"href":"https:\/\/archive.sana.sy\/tr\/index.php?rest_route=\/wp\/v2\/users\/1"}],"replies":[{"embeddable":true,"href":"https:\/\/archive.sana.sy\/tr\/index.php?rest_route=%2Fwp%2Fv2%2Fcomments&post=78884"}],"version-history":[{"count":0,"href":"https:\/\/archive.sana.sy\/tr\/index.php?rest_route=\/wp\/v2\/posts\/78884\/revisions"}],"wp:featuredmedia":[{"embeddable":true,"href":"https:\/\/archive.sana.sy\/tr\/index.php?rest_route=\/wp\/v2\/media\/78885"}],"wp:attachment":[{"href":"https:\/\/archive.sana.sy\/tr\/index.php?rest_route=%2Fwp%2Fv2%2Fmedia&parent=78884"}],"wp:term":[{"taxonomy":"category","embeddable":true,"href":"https:\/\/archive.sana.sy\/tr\/index.php?rest_route=%2Fwp%2Fv2%2Fcategories&post=78884"},{"taxonomy":"post_tag","embeddable":true,"href":"https:\/\/archive.sana.sy\/tr\/index.php?rest_route=%2Fwp%2Fv2%2Ftags&post=78884"}],"curies":[{"name":"wp","href":"https:\/\/api.w.org\/{rel}","templated":true}]}}