{"id":78887,"date":"2016-07-09T10:09:55","date_gmt":"2016-07-09T07:09:55","guid":{"rendered":"http:\/\/www.sana.sy\/tr\/?p=78887"},"modified":"2016-07-09T13:13:52","modified_gmt":"2016-07-09T10:13:52","slug":"askeri-kaynak-sanaya-aciklamasinda-ordu-birliklerimizin-dera-kirsalinda-israilden-destek-ve-komuta-alan-kaide-orgutunun-suriye-kolu-nusra-cephesine-tabi-bir-teror-grubuna-suveyda-il","status":"publish","type":"post","link":"https:\/\/archive.sana.sy\/tr\/?p=78887","title":{"rendered":"Askeri kaynak SANA\u2019ya a\u00e7\u0131klamas\u0131nda ordu birliklerimizin Dera k\u0131rsal\u0131nda \u0130srail\u2019den destek ve komuta alan Kaide \u00d6rg\u00fct\u00fcn\u00fcn Suriye kolu Nusra Cephesine tabi bir ter\u00f6r grubuna S\u00fcveyda il idari s\u0131n\u0131rlar\u0131na yak\u0131n L\u00fcca \u2013 \u015eeara yolu \u00fczerinde s\u0131k\u0131 bir pusu kurarak t\u00fcm \u00fcyelerini etkisizle\u015ftirdiklerini belirtti"},"content":{"rendered":"<p>Askeri kaynak SANA\u2019ya a\u00e7\u0131klamas\u0131nda ordu birliklerimizin Dera k\u0131rsal\u0131nda \u0130srail\u2019den destek ve komuta alan Kaide \u00d6rg\u00fct\u00fcn\u00fcn Suriye kolu Nusra Cephesine tabi bir ter\u00f6r grubuna S\u00fcveyda il idari s\u0131n\u0131rlar\u0131na yak\u0131n L\u00fcca \u2013 \u015eeara yolu \u00fczerinde s\u0131k\u0131 bir pusu kurarak t\u00fcm \u00fcyelerini etkisizle\u015ftirdiklerini belirtti<\/p>\n","protected":false},"excerpt":{"rendered":"<p>Askeri kaynak SANA\u2019ya a\u00e7\u0131klamas\u0131nda ordu birliklerimizin Dera k\u0131rsal\u0131nda \u0130srail\u2019den destek ve komuta alan Kaide \u00d6rg\u00fct\u00fcn\u00fcn Suriye kolu Nusra Cephesine tabi bir ter\u00f6r grubuna S\u00fcveyda il idari s\u0131n\u0131rlar\u0131na yak\u0131n L\u00fcca \u2013 \u015eeara yolu \u00fczerinde s\u0131k\u0131 bir pusu kurarak t\u00fcm \u00fcyelerini etkisizle\u015ftirdiklerini belirtti<\/p>\n","protected":false},"author":1,"featured_media":0,"comment_status":"closed","ping_status":"closed","sticky":false,"template":"","format":"standard","meta":{"footnotes":""},"categories":[17991],"tags":[],"class_list":["post-78887","post","type-post","status-publish","format-standard","","category-son-dakika"],"_links":{"self":[{"href":"https:\/\/archive.sana.sy\/tr\/index.php?rest_route=\/wp\/v2\/posts\/78887","targetHints":{"allow":["GET"]}}],"collection":[{"href":"https:\/\/archive.sana.sy\/tr\/index.php?rest_route=\/wp\/v2\/posts"}],"about":[{"href":"https:\/\/archive.sana.sy\/tr\/index.php?rest_route=\/wp\/v2\/types\/post"}],"author":[{"embeddable":true,"href":"https:\/\/archive.sana.sy\/tr\/index.php?rest_route=\/wp\/v2\/users\/1"}],"replies":[{"embeddable":true,"href":"https:\/\/archive.sana.sy\/tr\/index.php?rest_route=%2Fwp%2Fv2%2Fcomments&post=78887"}],"version-history":[{"count":0,"href":"https:\/\/archive.sana.sy\/tr\/index.php?rest_route=\/wp\/v2\/posts\/78887\/revisions"}],"wp:attachment":[{"href":"https:\/\/archive.sana.sy\/tr\/index.php?rest_route=%2Fwp%2Fv2%2Fmedia&parent=78887"}],"wp:term":[{"taxonomy":"category","embeddable":true,"href":"https:\/\/archive.sana.sy\/tr\/index.php?rest_route=%2Fwp%2Fv2%2Fcategories&post=78887"},{"taxonomy":"post_tag","embeddable":true,"href":"https:\/\/archive.sana.sy\/tr\/index.php?rest_route=%2Fwp%2Fv2%2Ftags&post=78887"}],"curies":[{"name":"wp","href":"https:\/\/api.w.org\/{rel}","templated":true}]}}