{"id":78889,"date":"2016-07-09T12:30:34","date_gmt":"2016-07-09T09:30:34","guid":{"rendered":"http:\/\/www.sana.sy\/tr\/?p=78889"},"modified":"2016-07-10T09:01:41","modified_gmt":"2016-07-10T06:01:41","slug":"elektrik-istasyonu-ve-isci-konutlarina-saldirdilar","status":"publish","type":"post","link":"https:\/\/archive.sana.sy\/tr\/?p=78889","title":{"rendered":"Elektrik \u0130stasyonu ve \u0130\u015f\u00e7i Konutlar\u0131na Sald\u0131rd\u0131lar"},"content":{"rendered":"<p>HAMA \u2013 Suriye ve halk\u0131na d\u00fc\u015fman rejimler taraf\u0131ndan \u2018\u0131l\u0131ml\u0131 muhalifler\u2019 ad\u0131 alt\u0131nda desteklenen Ahrar el \u015eam \u0130slami Hareketi ve Kaide \u00d6rg\u00fct\u00fcn\u00fcn Suriye kolu Nusra Cephesi bug\u00fcn sabah saatlerinde Hama k\u0131rsal\u0131nda Zara Elektrik Santrali ve i\u015f\u00e7i konutlar\u0131n\u0131 iki f\u00fczeyle hedef ald\u0131.<\/p>\n<p>Hama\u2019da \u0130l Elektrik M\u00fcd\u00fcrl\u00fc\u011f\u00fcnde yetkili bir kaynak SANA\u2019ya a\u00e7\u0131klamas\u0131nda; ter\u00f6ristlerin sabotaj sald\u0131r\u0131s\u0131 sonucunda santralde bir \u00fcnitenin hizmet d\u0131\u015f\u0131 kald\u0131\u011f\u0131n\u0131 ifade ederken, ar\u0131za ekiplerinin derhal onar\u0131m i\u00e7in santrale hareket ettiklerini belirtti.<\/p>\n<p>Kaynak Hama k\u0131rsal\u0131n\u0131n g\u00fcneyi Resten G\u00f6l\u00fcne yak\u0131n d\u00fc\u015fen b\u00f6lgede ter\u00f6ristlerin ayr\u0131ca i\u015f\u00e7i konutlar\u0131na da bir f\u00fczeyle sald\u0131rd\u0131klar\u0131na dikkat \u00e7ekerken, sald\u0131r\u0131da be\u015feri isabetlerin olmad\u0131\u011f\u0131n\u0131 aktard\u0131.<\/p>\n","protected":false},"excerpt":{"rendered":"<p>HAMA \u2013 Suriye ve halk\u0131na d\u00fc\u015fman rejimler taraf\u0131ndan \u2018\u0131l\u0131ml\u0131 muhalifler\u2019 ad\u0131 alt\u0131nda desteklenen Ahrar el \u015eam \u0130slami Hareketi ve Kaide \u00d6rg\u00fct\u00fcn\u00fcn Suriye kolu Nusra Cephesi bug\u00fcn sabah saatlerinde Hama k\u0131rsal\u0131nda Zara Elektrik Santrali ve i\u015f\u00e7i konutlar\u0131n\u0131 iki f\u00fczeyle hedef ald\u0131. Hama\u2019da \u0130l Elektrik M\u00fcd\u00fcrl\u00fc\u011f\u00fcnde yetkili bir kaynak SANA\u2019ya a\u00e7\u0131klamas\u0131nda; ter\u00f6ristlerin sabotaj sald\u0131r\u0131s\u0131 sonucunda santralde bir &hellip;<\/p>\n","protected":false},"author":1,"featured_media":78896,"comment_status":"closed","ping_status":"closed","sticky":false,"template":"","format":"standard","meta":{"footnotes":""},"categories":[479,575,17988,478],"tags":[3464,18365,18237,22302,21610,18347,18674,19043,22182],"class_list":["post-78889","post","type-post","status-publish","format-standard","has-post-thumbnail","","category-haberler-yerel","category-olaylar-ve-gercekler","category-son-haberler","category-yerel","tag-nusra-cephesi","tag-ahrar-el-sam","tag-cihatcilar","tag-elektrik-istasyonu-ve-isci-konutlarina-saldirdilar","tag-islami-hareketi","tag-oso","tag-silahli-muhalifler","tag-suriyede-son-durum","tag-suriyede-savas"],"_links":{"self":[{"href":"https:\/\/archive.sana.sy\/tr\/index.php?rest_route=\/wp\/v2\/posts\/78889","targetHints":{"allow":["GET"]}}],"collection":[{"href":"https:\/\/archive.sana.sy\/tr\/index.php?rest_route=\/wp\/v2\/posts"}],"about":[{"href":"https:\/\/archive.sana.sy\/tr\/index.php?rest_route=\/wp\/v2\/types\/post"}],"author":[{"embeddable":true,"href":"https:\/\/archive.sana.sy\/tr\/index.php?rest_route=\/wp\/v2\/users\/1"}],"replies":[{"embeddable":true,"href":"https:\/\/archive.sana.sy\/tr\/index.php?rest_route=%2Fwp%2Fv2%2Fcomments&post=78889"}],"version-history":[{"count":0,"href":"https:\/\/archive.sana.sy\/tr\/index.php?rest_route=\/wp\/v2\/posts\/78889\/revisions"}],"wp:featuredmedia":[{"embeddable":true,"href":"https:\/\/archive.sana.sy\/tr\/index.php?rest_route=\/wp\/v2\/media\/78896"}],"wp:attachment":[{"href":"https:\/\/archive.sana.sy\/tr\/index.php?rest_route=%2Fwp%2Fv2%2Fmedia&parent=78889"}],"wp:term":[{"taxonomy":"category","embeddable":true,"href":"https:\/\/archive.sana.sy\/tr\/index.php?rest_route=%2Fwp%2Fv2%2Fcategories&post=78889"},{"taxonomy":"post_tag","embeddable":true,"href":"https:\/\/archive.sana.sy\/tr\/index.php?rest_route=%2Fwp%2Fv2%2Ftags&post=78889"}],"curies":[{"name":"wp","href":"https:\/\/api.w.org\/{rel}","templated":true}]}}