{"id":7889,"date":"2014-08-22T12:17:59","date_gmt":"2014-08-22T09:17:59","guid":{"rendered":"http:\/\/www.sana.sy\/tr\/?p=7889"},"modified":"2014-08-22T14:39:35","modified_gmt":"2014-08-22T11:39:35","slug":"terorle-mucadele-tum-hiziyla-suruyor-2","status":"publish","type":"post","link":"https:\/\/archive.sana.sy\/tr\/?p=7889","title":{"rendered":"Ter\u00f6rle M\u00fccadele T\u00fcm H\u0131z\u0131yla S\u00fcr\u00fcyor"},"content":{"rendered":"<p>\u0130LLER \u2013 Kahraman ordu birliklerimizin ter\u00f6rle m\u00fccadele operasyonlar\u0131nda \u00e7ok say\u0131da ter\u00f6rist \u00f6ld\u00fcr\u00fcld\u00fc, g\u00fcvenli b\u00f6lgelere s\u0131zma giri\u015fimleri \u00e7\u00f6kertildi ellerindeki silah, cephane ve ara\u00e7lar etkisiz hale getirildi.<\/p>\n<p><span style=\"color: #0000ff\">\u015eam K\u0131rsal\u0131nda \u00e7ok Say\u0131da Ter\u00f6rist \u00d6l\u00fc ve Yaral\u0131 D\u00fc\u015f\u00fcr\u00fcld\u00fc<\/span><\/p>\n<p>Ordu birliklerimiz \u015eam K\u0131rsal\u0131n\u0131n muhtelif b\u00f6lgelerinde ter\u00f6ristlerin toplanma merkezlerini hedef almas\u0131 sonucunda \u00e7ok say\u0131da ter\u00f6risti \u00f6l\u00fc ve yaral\u0131 d\u00fc\u015f\u00fcrd\u00fc.<\/p>\n<p>Askeri kaynak, ordu birliklerimizin Zakiye\u2019nin bat\u0131s\u0131ndaki Vaar el Abbasiye\u2019de ter\u00f6ristleri hedef ald\u0131\u011f\u0131 operasyonda ter\u00f6ristlerin \u00e7o\u011fu \u00f6l\u00fc d\u00fc\u015f\u00fcr\u00fcld\u00fc.<\/p>\n<p><span style=\"color: #0000ff\">Kunaytra K\u0131rsal\u0131nda Ter\u00f6ristlerin H\u00fccreleri Hedef Al\u0131nd\u0131<\/span><\/p>\n<p>Askeri kaynak, ordu birliklerimizin Kunaytra k\u0131rsal\u0131 Ofanya K\u00f6y\u00fc ve Haz\u0131rciye \u00c7iftliklerinde ter\u00f6ristlerin toplanma yerlerini hedef almas\u0131 sonucunda baz\u0131 ter\u00f6ristin \u00f6l\u00fc ve yaral\u0131 d\u00fc\u015f\u00fcr\u00fcld\u00fc\u011f\u00fcn\u00fc s\u00f6yledi.<\/p>\n<p><span style=\"color: #0000ff\">Halep\u2019te Ter\u00f6ristler \u00d6ld\u00fcr\u00fclerek Ellerindeki Silahlar \u0130mha Edildi<\/span><\/p>\n<p>Halep ve k\u0131rsal\u0131n\u0131n muhtelif b\u00f6lgelerinde ter\u00f6ristlere y\u00f6nelik d\u00fczenlenen operasyonlarda \u00e7ok say\u0131da ter\u00f6rist \u00f6ld\u00fcr\u00fcld\u00fc ellerindeki silah, cephane ve te\u00e7hizatlar\u0131 da imha edildi.<\/p>\n<p>Askeri kaynak, ordu birliklerimizin Halep k\u0131rsal\u0131 Ouja, B\u00fcy\u00fck Serce, Balat, Cedide, Han el Asel, Kellase, Kefar Dael ve \u015eaar Bulvar\u0131 b\u00f6lgelerinde ter\u00f6ristlerin toplanma yerleri ve h\u00fccrelerini hedef almalar\u0131 sonucunda \u00e7ok say\u0131da ter\u00f6risti \u00f6l\u00fc ve yaral\u0131 d\u00fc\u015f\u00fcrerek ellerindeki silah ve su\u00e7 edatlar\u0131n\u0131 da imha ettiklerini belirtti.<\/p>\n<p>Kaynak, ter\u00f6ristlerin Leyremun ve Hanano\u2019da su\u00e7 eylemlerinde kulland\u0131klar\u0131 baz\u0131 ara\u00e7lar\u0131 imha ettiklerini i\u00e7indeki ter\u00f6ristleri de \u00f6l\u00fc ve yaral\u0131 d\u00fc\u015f\u00fcrd\u00fcklerini ifade etti.<\/p>\n<p><span style=\"color: #0000ff\">\u0130dlib K\u0131rsal\u0131nda Ter\u00f6ristlerin H\u00fccreleri Hedef Al\u0131nd\u0131<\/span><\/p>\n<p>\u0130dlib k\u0131rsal\u0131nda ordu birliklerimiz Cisr el \u015eu\u011fur\u2019un Sbeyro Beldesi \u00e7evresi ile Kaminas, Beragiti ve Mustarihe\u2019de ter\u00f6ristlerin toplanma merkezleri ve h\u00fccrelerini hedef almas\u0131 sonucunda baz\u0131 ter\u00f6ristleri \u00f6l\u00fc ve yaral\u0131 d\u00fc\u015f\u00fcrd\u00fc ellerindeki silah ve cephaneyi de imha etti.<\/p>\n<p>Askeri kaynak ordu birliklerimizin \u0130dlib k\u0131rsal\u0131nda \u0130dlib \u2013 Harem karayolu \u00fczerinde tekfirci ve hain ter\u00f6ristlere ait bir\u00e7ok karargah, yuva ve cephaneli\u011fi muhtevalar\u0131yla imha ederken, aralar\u0131nda yabanc\u0131lar\u0131n bulundu\u011fu onlarca ter\u00f6risti etkisiz hale getirdiklerini belirtti.<\/p>\n<p><span style=\"color: #0000ff\">Dera K\u0131rsal\u0131nda S\u0131zma Giri\u015fimleri \u00c7\u00f6kertildi<\/span><\/p>\n<p>Ordu birliklerimiz Dera Beled ve k\u0131rsal\u0131nda ter\u00f6ristlerin k\u00fcmelenme yerleri ve h\u00fccrelerini hedef almas\u0131 sonucunda \u00e7ok say\u0131da ter\u00f6risti \u00f6l\u00fc ve yaral\u0131 d\u00fc\u015f\u00fcrerek ara\u00e7lar\u0131n\u0131 da imha etti.<\/p>\n<p>Askeri kaynak, birliklerimizin Dera k\u0131rsal\u0131 Atman Beldesi ortalar\u0131ndaki bulvar\u0131n bat\u0131s\u0131, Lucat Ho\u015f el \u015eerid, Atman Beldesi Bat\u0131 Mahallesi ve Yaduda Beldesinin bat\u0131s\u0131nda ter\u00f6ristlerin toplanma merkezlerini hedef almas\u0131 sonucunda \u00e7ok say\u0131da ter\u00f6risti \u00f6l\u00fc ve yaral\u0131 d\u00fc\u015f\u00fcrd\u00fcklerini s\u00f6yledi.<\/p>\n<p>Askeri kaynak, ordu birliklerimizin Dera k\u0131rsal\u0131 Dael\u2019in do\u011fusundan g\u00fcneyindeki askeri noktaya \u00a0ve Neva K\u00f6y\u00fc \u00e7evresine y\u00f6nelik ter\u00f6ristlerin s\u0131zma giri\u015fimlerini \u00e7\u00f6kerterek \u00e7ok say\u0131da ter\u00f6risti \u00f6l\u00fc ve yaral\u0131 d\u00fc\u015f\u00fcrd\u00fcklerini s\u00f6yledi.<\/p>\n<p>Kaynak, birliklerimizin Dera k\u0131rsal\u0131nda biri Atman Beldesi di\u011feriyse Busr el Harir\u2019de ter\u00f6ristlerin kulland\u0131klar\u0131 iki arac\u0131 i\u00e7indeki ter\u00f6ristlerle birlikte imha ettiklerini ifade etti.<\/p>\n<p>Dera Beled\u2019te ise ordu birliklerimiz Bilal el Habe\u015fi Camii\u2019nin do\u011fusu, Ebu Zeyd Camii\u2019nin do\u011fusu ve Yermuk Okulu g\u00fcneyinde ter\u00f6ristlerin toplanma yerlerini hedef alarak \u00a0\u00e7ok say\u0131da ter\u00f6risti \u00f6l\u00fc ve yaral\u0131 d\u00fc\u015f\u00fcrd\u00fc baz\u0131 ara\u00e7lar\u0131n\u0131 da imha etti.<\/p>\n<p><span style=\"color: #0000ff\">Homs K\u0131rsal\u0131nda \u00c7ok Say\u0131da Ter\u00f6rist \u00d6ld\u00fcr\u00fcld\u00fc<\/span><\/p>\n<p>Ordu birliklerimiz Homs k\u0131rsal\u0131 Unk el Hava ve Rahum K\u00f6ylerinden Mekser el Hisan K\u00f6y\u00fcne do\u011fru ter\u00f6ristlerin s\u0131zma giri\u015fimlerini \u00e7\u00f6kerterek \u00e7ok say\u0131da ter\u00f6risti \u00f6l\u00fc ve yaral\u0131 d\u00fc\u015f\u00fcrd\u00fc ellerindeki silah ve cephaneyi de imha etti.<\/p>\n<p>Askeri kaynak, ordu birliklerimizin Homs k\u0131rsal\u0131 Hule\u2019nin Teldev, Kefarlaha ve Tel Deheb, Resten Deyrful ile Telbise Saan K\u00f6y ve Beldelerinde ter\u00f6ristlerin toplanma yerlerini hedef ald\u0131\u011f\u0131n\u0131 belirterek \u00e7ok say\u0131da ter\u00f6risti \u00f6l\u00fc ve yaral\u0131 d\u00fc\u015f\u00fcrd\u00fcklerini ellerindeki silah ve cephaneyi de imha ettiklerini s\u00f6yledi.<\/p>\n<p>\u00d6te yandan ter\u00f6ristlerin Teldev Mreymin, el Bat\u0131 el Gour ve Su Kurumuna f\u0131rlatt\u0131klar\u0131 havan mermileri f\u0131rlatt\u0131 olayda \u00f6len ya da yaralanan kimse bulunmazken ufak hasarlara yol a\u00e7t\u0131.<\/p>\n<p>Homs k\u0131rsal\u0131n\u0131n Bat\u0131 Selam K\u00f6y\u00fcnde bir\u00e7ok ter\u00f6risti \u00f6l\u00fc yaral\u0131 d\u00fc\u015f\u00fcren ordu birliklerimiz; Ar\u015funa K\u00f6y\u00fcnde z\u0131rhl\u0131 bir arac\u0131 ta\u015f\u0131yan kamyonu beraberindeki t\u00fcm ter\u00f6ristlerle birlikte imha etti.<\/p>\n","protected":false},"excerpt":{"rendered":"<p>\u0130LLER \u2013 Kahraman ordu birliklerimizin ter\u00f6rle m\u00fccadele operasyonlar\u0131nda \u00e7ok say\u0131da ter\u00f6rist \u00f6ld\u00fcr\u00fcld\u00fc, g\u00fcvenli b\u00f6lgelere s\u0131zma giri\u015fimleri \u00e7\u00f6kertildi ellerindeki silah, cephane ve ara\u00e7lar etkisiz hale getirildi. \u015eam K\u0131rsal\u0131nda \u00e7ok Say\u0131da Ter\u00f6rist \u00d6l\u00fc ve Yaral\u0131 D\u00fc\u015f\u00fcr\u00fcld\u00fc Ordu birliklerimiz \u015eam K\u0131rsal\u0131n\u0131n muhtelif b\u00f6lgelerinde ter\u00f6ristlerin toplanma merkezlerini hedef almas\u0131 sonucunda \u00e7ok say\u0131da ter\u00f6risti \u00f6l\u00fc ve yaral\u0131 d\u00fc\u015f\u00fcrd\u00fc. Askeri kaynak, &hellip;<\/p>\n","protected":false},"author":1,"featured_media":7893,"comment_status":"closed","ping_status":"closed","sticky":false,"template":"","format":"standard","meta":{"footnotes":""},"categories":[575],"tags":[1080],"class_list":["post-7889","post","type-post","status-publish","format-standard","has-post-thumbnail","","category-olaylar-ve-gercekler","tag-terorle-mucadele-tum-hiziyla-suruyor"],"_links":{"self":[{"href":"https:\/\/archive.sana.sy\/tr\/index.php?rest_route=\/wp\/v2\/posts\/7889","targetHints":{"allow":["GET"]}}],"collection":[{"href":"https:\/\/archive.sana.sy\/tr\/index.php?rest_route=\/wp\/v2\/posts"}],"about":[{"href":"https:\/\/archive.sana.sy\/tr\/index.php?rest_route=\/wp\/v2\/types\/post"}],"author":[{"embeddable":true,"href":"https:\/\/archive.sana.sy\/tr\/index.php?rest_route=\/wp\/v2\/users\/1"}],"replies":[{"embeddable":true,"href":"https:\/\/archive.sana.sy\/tr\/index.php?rest_route=%2Fwp%2Fv2%2Fcomments&post=7889"}],"version-history":[{"count":0,"href":"https:\/\/archive.sana.sy\/tr\/index.php?rest_route=\/wp\/v2\/posts\/7889\/revisions"}],"wp:featuredmedia":[{"embeddable":true,"href":"https:\/\/archive.sana.sy\/tr\/index.php?rest_route=\/wp\/v2\/media\/7893"}],"wp:attachment":[{"href":"https:\/\/archive.sana.sy\/tr\/index.php?rest_route=%2Fwp%2Fv2%2Fmedia&parent=7889"}],"wp:term":[{"taxonomy":"category","embeddable":true,"href":"https:\/\/archive.sana.sy\/tr\/index.php?rest_route=%2Fwp%2Fv2%2Fcategories&post=7889"},{"taxonomy":"post_tag","embeddable":true,"href":"https:\/\/archive.sana.sy\/tr\/index.php?rest_route=%2Fwp%2Fv2%2Ftags&post=7889"}],"curies":[{"name":"wp","href":"https:\/\/api.w.org\/{rel}","templated":true}]}}