{"id":78892,"date":"2016-07-09T13:37:27","date_gmt":"2016-07-09T10:37:27","guid":{"rendered":"http:\/\/www.sana.sy\/tr\/?p=78892"},"modified":"2016-07-10T09:01:46","modified_gmt":"2016-07-10T06:01:46","slug":"agir-yenilgilerini-hazmedemeyen-teroristler-hinclarini-sivillerden-aliyor","status":"publish","type":"post","link":"https:\/\/archive.sana.sy\/tr\/?p=78892","title":{"rendered":"A\u011f\u0131r Yenilgilerini Hazmedemeyen Ter\u00f6ristler H\u0131n\u00e7lar\u0131n\u0131 Sivillerden Al\u0131yor"},"content":{"rendered":"<p>HALEP \u2013 Ordu birliklerimiz taraf\u0131ndan u\u011frat\u0131ld\u0131klar\u0131 a\u011f\u0131r yenilgileri hazmedemeyen ter\u00f6ristler, kendileri ve i\u015fverenleri d\u0131\u015f g\u00fc\u00e7lerin h\u0131nc\u0131n\u0131 alma \u00e7abas\u0131yla savunmas\u0131z sivil b\u00f6lgelere sald\u0131r\u0131lar\u0131n\u0131 s\u00fcrd\u00fcr\u00fcyor.<\/p>\n<p>Halep Emniyet M\u00fcd\u00fcrl\u00fc\u011f\u00fcnde yetkili bir kaynak; Erdo\u011fan ve Al Suud rejimlerinden talimat alan ter\u00f6ristlerin \u00e7at\u0131\u015fmalar\u0131 durdurma anla\u015fmas\u0131na yeni ihlallerinde Halep Kentinde Belediye Saray\u0131 civar\u0131na geli\u015fig\u00fczel f\u00fcze sald\u0131r\u0131lar\u0131nda bulunduklar\u0131n\u0131 belirtti. Kaynak hain sald\u0131r\u0131larda \u00f6zel ve kamu m\u00fclklerde b\u00fcy\u00fck hasarlar\u0131n olu\u015ftu\u011funa dikkat \u00e7ekti.<\/p>\n<p>Ayn\u0131 ter\u00f6r \u00e7eteleri d\u00fcn Halep Kentinin muhtelif yerle\u015fim alanlar\u0131n\u0131 f\u00fcze ya\u011fmuruna tutmalar\u0131 sonucunda aralar\u0131nda \u00e7ocuk ve kad\u0131nlar\u0131n bulundu\u011fu 30 vatanda\u015f \u015fehit, 140 vatanda\u015f da yaral\u0131 d\u00fc\u015fm\u00fc\u015flerdi.<\/p>\n<p><span style=\"color: #0000ff\">D\u00fcnk\u00fc Sald\u0131r\u0131lar\u0131n Bilan\u00e7osu Y\u00fckseldi<\/span><\/p>\n<p><span style=\"line-height: 1.5\">Halep Emniyet M\u00fcd\u00fcrl\u00fc\u011f\u00fcnde yetkili bir kaynak bug\u00fcn SANA\u2019ya a\u00e7\u0131klamas\u0131nda; Erdo\u011fan ve Al Suud rejimlerine tabi ter\u00f6ristlerin bayram\u0131n son g\u00fcn\u00fc d\u00fcn kentin muhtelif sivil yerle\u015fim alanlar\u0131na geli\u015fig\u00fczel sald\u0131r\u0131lar\u0131nda \u015fehit d\u00fc\u015fen masum vatanda\u015flar\u0131n say\u0131s\u0131n\u0131n 43\u2019e, yaral\u0131lar\u0131n ise 300\u2019\u00fcn \u00fcst\u00fcne \u00e7\u0131kt\u0131\u011f\u0131n\u0131 belirtti.<\/span><\/p>\n<p><span style=\"line-height: 1.5\">Kaynak Suriye&#8217;nin bayram s\u00fcresince ilan etti\u011fi durumlar\u0131 yat\u0131\u015ft\u0131rma durumuna ilaveten 27 \u015eubat tarihinde hayata ge\u00e7irilen \u00e7at\u0131\u015fmalar\u0131 durdurma anla\u015fmas\u0131na a\u00e7\u0131k bir ihlal say\u0131lan bu sald\u0131r\u0131larda kurban gidenlerin b\u00fcy\u00fck \u00e7o\u011funlu\u011funun \u00e7ocuk, kad\u0131n ve ya\u015fl\u0131 vatanda\u015flardan iabret oldu\u011funa dikkat \u00e7ekti.<\/span><\/p>\n<div id='gallery-1' class='gallery galleryid-78892 gallery-columns-3 gallery-size-medium'><figure class='gallery-item'>\n\t\t\t<div class='gallery-icon landscape'>\n\t\t\t\t<a href='https:\/\/archive.sana.sy\/tr\/wp-content\/uploads\/2016\/07\/havan-1.jpg'><img loading=\"lazy\" decoding=\"async\" width=\"300\" height=\"166\" src=\"https:\/\/archive.sana.sy\/tr\/wp-content\/uploads\/2016\/07\/havan-1-300x166.jpg\" class=\"attachment-medium size-medium\" alt=\"\" srcset=\"https:\/\/archive.sana.sy\/tr\/wp-content\/uploads\/2016\/07\/havan-1-300x166.jpg 300w, https:\/\/archive.sana.sy\/tr\/wp-content\/uploads\/2016\/07\/havan-1-150x83.jpg 150w, https:\/\/archive.sana.sy\/tr\/wp-content\/uploads\/2016\/07\/havan-1-768x424.jpg 768w, https:\/\/archive.sana.sy\/tr\/wp-content\/uploads\/2016\/07\/havan-1-1024x565.jpg 1024w, https:\/\/archive.sana.sy\/tr\/wp-content\/uploads\/2016\/07\/havan-1.jpg 1688w\" sizes=\"auto, (max-width: 300px) 100vw, 300px\" \/><\/a>\n\t\t\t<\/div><\/figure><figure class='gallery-item'>\n\t\t\t<div class='gallery-icon landscape'>\n\t\t\t\t<a href='https:\/\/archive.sana.sy\/tr\/wp-content\/uploads\/2016\/07\/havan-2.jpg'><img loading=\"lazy\" decoding=\"async\" width=\"300\" height=\"170\" src=\"https:\/\/archive.sana.sy\/tr\/wp-content\/uploads\/2016\/07\/havan-2-300x170.jpg\" class=\"attachment-medium size-medium\" alt=\"\" srcset=\"https:\/\/archive.sana.sy\/tr\/wp-content\/uploads\/2016\/07\/havan-2-300x170.jpg 300w, https:\/\/archive.sana.sy\/tr\/wp-content\/uploads\/2016\/07\/havan-2-150x85.jpg 150w, https:\/\/archive.sana.sy\/tr\/wp-content\/uploads\/2016\/07\/havan-2-768x435.jpg 768w, https:\/\/archive.sana.sy\/tr\/wp-content\/uploads\/2016\/07\/havan-2-1024x580.jpg 1024w, https:\/\/archive.sana.sy\/tr\/wp-content\/uploads\/2016\/07\/havan-2.jpg 1680w\" sizes=\"auto, (max-width: 300px) 100vw, 300px\" \/><\/a>\n\t\t\t<\/div><\/figure><figure class='gallery-item'>\n\t\t\t<div class='gallery-icon landscape'>\n\t\t\t\t<a href='https:\/\/archive.sana.sy\/tr\/wp-content\/uploads\/2016\/07\/havan-3.jpg'><img loading=\"lazy\" decoding=\"async\" width=\"300\" height=\"182\" src=\"https:\/\/archive.sana.sy\/tr\/wp-content\/uploads\/2016\/07\/havan-3-300x182.jpg\" class=\"attachment-medium size-medium\" alt=\"\" srcset=\"https:\/\/archive.sana.sy\/tr\/wp-content\/uploads\/2016\/07\/havan-3-300x182.jpg 300w, https:\/\/archive.sana.sy\/tr\/wp-content\/uploads\/2016\/07\/havan-3-150x91.jpg 150w, https:\/\/archive.sana.sy\/tr\/wp-content\/uploads\/2016\/07\/havan-3-768x466.jpg 768w, https:\/\/archive.sana.sy\/tr\/wp-content\/uploads\/2016\/07\/havan-3-1024x622.jpg 1024w, https:\/\/archive.sana.sy\/tr\/wp-content\/uploads\/2016\/07\/havan-3.jpg 1680w\" sizes=\"auto, (max-width: 300px) 100vw, 300px\" \/><\/a>\n\t\t\t<\/div><\/figure><figure class='gallery-item'>\n\t\t\t<div class='gallery-icon landscape'>\n\t\t\t\t<a href='https:\/\/archive.sana.sy\/tr\/wp-content\/uploads\/2016\/07\/havan-4.jpg'><img loading=\"lazy\" decoding=\"async\" width=\"300\" height=\"162\" src=\"https:\/\/archive.sana.sy\/tr\/wp-content\/uploads\/2016\/07\/havan-4-300x162.jpg\" class=\"attachment-medium size-medium\" alt=\"\" srcset=\"https:\/\/archive.sana.sy\/tr\/wp-content\/uploads\/2016\/07\/havan-4-300x162.jpg 300w, https:\/\/archive.sana.sy\/tr\/wp-content\/uploads\/2016\/07\/havan-4-150x81.jpg 150w, https:\/\/archive.sana.sy\/tr\/wp-content\/uploads\/2016\/07\/havan-4-768x414.jpg 768w, https:\/\/archive.sana.sy\/tr\/wp-content\/uploads\/2016\/07\/havan-4-1024x552.jpg 1024w, https:\/\/archive.sana.sy\/tr\/wp-content\/uploads\/2016\/07\/havan-4.jpg 1676w\" sizes=\"auto, (max-width: 300px) 100vw, 300px\" \/><\/a>\n\t\t\t<\/div><\/figure><figure class='gallery-item'>\n\t\t\t<div class='gallery-icon landscape'>\n\t\t\t\t<a href='https:\/\/archive.sana.sy\/tr\/wp-content\/uploads\/2016\/07\/havan-5.jpg'><img loading=\"lazy\" decoding=\"async\" width=\"300\" height=\"174\" src=\"https:\/\/archive.sana.sy\/tr\/wp-content\/uploads\/2016\/07\/havan-5-300x174.jpg\" class=\"attachment-medium size-medium\" alt=\"\" srcset=\"https:\/\/archive.sana.sy\/tr\/wp-content\/uploads\/2016\/07\/havan-5-300x174.jpg 300w, https:\/\/archive.sana.sy\/tr\/wp-content\/uploads\/2016\/07\/havan-5-150x87.jpg 150w, https:\/\/archive.sana.sy\/tr\/wp-content\/uploads\/2016\/07\/havan-5-768x447.jpg 768w, https:\/\/archive.sana.sy\/tr\/wp-content\/uploads\/2016\/07\/havan-5-1024x595.jpg 1024w, https:\/\/archive.sana.sy\/tr\/wp-content\/uploads\/2016\/07\/havan-5.jpg 1548w\" sizes=\"auto, (max-width: 300px) 100vw, 300px\" \/><\/a>\n\t\t\t<\/div><\/figure><figure class='gallery-item'>\n\t\t\t<div class='gallery-icon landscape'>\n\t\t\t\t<a href='https:\/\/archive.sana.sy\/tr\/wp-content\/uploads\/2016\/07\/havan-6.jpg'><img loading=\"lazy\" decoding=\"async\" width=\"300\" height=\"173\" src=\"https:\/\/archive.sana.sy\/tr\/wp-content\/uploads\/2016\/07\/havan-6-300x173.jpg\" class=\"attachment-medium size-medium\" alt=\"\" srcset=\"https:\/\/archive.sana.sy\/tr\/wp-content\/uploads\/2016\/07\/havan-6-300x173.jpg 300w, https:\/\/archive.sana.sy\/tr\/wp-content\/uploads\/2016\/07\/havan-6-150x86.jpg 150w, https:\/\/archive.sana.sy\/tr\/wp-content\/uploads\/2016\/07\/havan-6-768x442.jpg 768w, https:\/\/archive.sana.sy\/tr\/wp-content\/uploads\/2016\/07\/havan-6-1024x590.jpg 1024w, https:\/\/archive.sana.sy\/tr\/wp-content\/uploads\/2016\/07\/havan-6.jpg 1688w\" sizes=\"auto, (max-width: 300px) 100vw, 300px\" \/><\/a>\n\t\t\t<\/div><\/figure>\n\t\t<\/div>\n\n","protected":false},"excerpt":{"rendered":"<p>HALEP \u2013 Ordu birliklerimiz taraf\u0131ndan u\u011frat\u0131ld\u0131klar\u0131 a\u011f\u0131r yenilgileri hazmedemeyen ter\u00f6ristler, kendileri ve i\u015fverenleri d\u0131\u015f g\u00fc\u00e7lerin h\u0131nc\u0131n\u0131 alma \u00e7abas\u0131yla savunmas\u0131z sivil b\u00f6lgelere sald\u0131r\u0131lar\u0131n\u0131 s\u00fcrd\u00fcr\u00fcyor. Halep Emniyet M\u00fcd\u00fcrl\u00fc\u011f\u00fcnde yetkili bir kaynak; Erdo\u011fan ve Al Suud rejimlerinden talimat alan ter\u00f6ristlerin \u00e7at\u0131\u015fmalar\u0131 durdurma anla\u015fmas\u0131na yeni ihlallerinde Halep Kentinde Belediye Saray\u0131 civar\u0131na geli\u015fig\u00fczel f\u00fcze sald\u0131r\u0131lar\u0131nda bulunduklar\u0131n\u0131 belirtti. Kaynak hain sald\u0131r\u0131larda &hellip;<\/p>\n","protected":false},"author":1,"featured_media":78975,"comment_status":"closed","ping_status":"closed","sticky":false,"template":"","format":"standard","meta":{"footnotes":""},"categories":[479,575,17988,478],"tags":[3464,18237,17274,18344,17273,22303,15945,18674,18174,19043,22182],"class_list":["post-78892","post","type-post","status-publish","format-standard","has-post-thumbnail","","category-haberler-yerel","category-olaylar-ve-gercekler","category-son-haberler","category-yerel","tag-nusra-cephesi","tag-cihatcilar","tag-fuze-saldirisi","tag-gelisiguzel-saldirilar","tag-havan-saldirisi","tag-islami-hareket","tag-ilimli-muhalifler","tag-silahli-muhalifler","tag-sivillere-saldiri","tag-suriyede-son-durum","tag-suriyede-savas"],"_links":{"self":[{"href":"https:\/\/archive.sana.sy\/tr\/index.php?rest_route=\/wp\/v2\/posts\/78892","targetHints":{"allow":["GET"]}}],"collection":[{"href":"https:\/\/archive.sana.sy\/tr\/index.php?rest_route=\/wp\/v2\/posts"}],"about":[{"href":"https:\/\/archive.sana.sy\/tr\/index.php?rest_route=\/wp\/v2\/types\/post"}],"author":[{"embeddable":true,"href":"https:\/\/archive.sana.sy\/tr\/index.php?rest_route=\/wp\/v2\/users\/1"}],"replies":[{"embeddable":true,"href":"https:\/\/archive.sana.sy\/tr\/index.php?rest_route=%2Fwp%2Fv2%2Fcomments&post=78892"}],"version-history":[{"count":0,"href":"https:\/\/archive.sana.sy\/tr\/index.php?rest_route=\/wp\/v2\/posts\/78892\/revisions"}],"wp:featuredmedia":[{"embeddable":true,"href":"https:\/\/archive.sana.sy\/tr\/index.php?rest_route=\/wp\/v2\/media\/78975"}],"wp:attachment":[{"href":"https:\/\/archive.sana.sy\/tr\/index.php?rest_route=%2Fwp%2Fv2%2Fmedia&parent=78892"}],"wp:term":[{"taxonomy":"category","embeddable":true,"href":"https:\/\/archive.sana.sy\/tr\/index.php?rest_route=%2Fwp%2Fv2%2Fcategories&post=78892"},{"taxonomy":"post_tag","embeddable":true,"href":"https:\/\/archive.sana.sy\/tr\/index.php?rest_route=%2Fwp%2Fv2%2Ftags&post=78892"}],"curies":[{"name":"wp","href":"https:\/\/api.w.org\/{rel}","templated":true}]}}