{"id":7890,"date":"2014-08-20T23:48:10","date_gmt":"2014-08-20T20:48:10","guid":{"rendered":"http:\/\/www.sana.sy\/tr\/?p=7890"},"modified":"2014-08-21T13:50:28","modified_gmt":"2014-08-21T10:50:28","slug":"veba-hastaliginin-yayildigi-haberleri-asilsizdir","status":"publish","type":"post","link":"https:\/\/archive.sana.sy\/tr\/?p=7890","title":{"rendered":"Veba Hastal\u0131\u011f\u0131n\u0131n Yay\u0131ld\u0131\u011f\u0131 Haberleri As\u0131ls\u0131zd\u0131r"},"content":{"rendered":"<p>\u015eAM \u2013 Sa\u011fl\u0131k Bakanl\u0131\u011f\u0131 kimi sosyal payla\u015f\u0131m sitelerinde \u015eam k\u0131rsal\u0131 Tel Kentinde veba hastal\u0131\u011f\u0131n\u0131n yay\u0131ld\u0131\u011f\u0131na ili\u015fkin haberlerin asl\u0131 ger\u00e7e\u011fi olmad\u0131\u011f\u0131n\u0131 belirtti.<\/p>\n<p>\u0130\u015flemleri y\u00fcr\u00fctmekle m\u00fckellef kabinede Sa\u011fl\u0131k Bakan\u0131 Saad el Nayif bug\u00fcn yapt\u0131\u011f\u0131 bas\u0131n a\u00e7\u0131klamas\u0131nda Tel Kentinde veba hastal\u0131\u011f\u0131n\u0131n yay\u0131ld\u0131\u011f\u0131na ili\u015fkin haberlerin asl\u0131 ger\u00e7e\u011fi olmad\u0131\u011f\u0131n\u0131, kentte sa\u011fl\u0131k durumunun iyi oldu\u011funu, t\u00fcm ila\u00e7 t\u00fcrlerinin de mevcut oldu\u011funu belirtti.<\/p>\n<p>Kentte bulunan \u00f6zel ve resmi t\u00fcm sa\u011fl\u0131k merkezleri ve hastanelerin sicillerinin tetkik edilmesiyle veba hastal\u0131\u011f\u0131 yada buna i\u015faret eden herhangi bir durumun bulunmad\u0131\u011f\u0131n\u0131 belirten Nayif; Bakanl\u0131\u011fa tabi veba hastal\u0131klar\u0131n\u0131 ara\u015ft\u0131rma ekibinin \u00f6zellikle ge\u00e7ici ikamet merkezlerinde olmak \u00fczere b\u00f6lgede geni\u015f kapsaml\u0131 bir tarama hamlesi y\u00fcr\u00fctt\u00fcklerini s\u00f6yledi.<\/p>\n","protected":false},"excerpt":{"rendered":"<p>\u015eAM \u2013 Sa\u011fl\u0131k Bakanl\u0131\u011f\u0131 kimi sosyal payla\u015f\u0131m sitelerinde \u015eam k\u0131rsal\u0131 Tel Kentinde veba hastal\u0131\u011f\u0131n\u0131n yay\u0131ld\u0131\u011f\u0131na ili\u015fkin haberlerin asl\u0131 ger\u00e7e\u011fi olmad\u0131\u011f\u0131n\u0131 belirtti. \u0130\u015flemleri y\u00fcr\u00fctmekle m\u00fckellef kabinede Sa\u011fl\u0131k Bakan\u0131 Saad el Nayif bug\u00fcn yapt\u0131\u011f\u0131 bas\u0131n a\u00e7\u0131klamas\u0131nda Tel Kentinde veba hastal\u0131\u011f\u0131n\u0131n yay\u0131ld\u0131\u011f\u0131na ili\u015fkin haberlerin asl\u0131 ger\u00e7e\u011fi olmad\u0131\u011f\u0131n\u0131, kentte sa\u011fl\u0131k durumunun iyi oldu\u011funu, t\u00fcm ila\u00e7 t\u00fcrlerinin de mevcut oldu\u011funu &hellip;<\/p>\n","protected":false},"author":1,"featured_media":7891,"comment_status":"closed","ping_status":"closed","sticky":false,"template":"","format":"standard","meta":{"footnotes":""},"categories":[479,478],"tags":[1768],"class_list":["post-7890","post","type-post","status-publish","format-standard","has-post-thumbnail","","category-haberler-yerel","category-yerel","tag-veba-hastaliginin-yayildigi-haberleri-asilsizdir"],"_links":{"self":[{"href":"https:\/\/archive.sana.sy\/tr\/index.php?rest_route=\/wp\/v2\/posts\/7890","targetHints":{"allow":["GET"]}}],"collection":[{"href":"https:\/\/archive.sana.sy\/tr\/index.php?rest_route=\/wp\/v2\/posts"}],"about":[{"href":"https:\/\/archive.sana.sy\/tr\/index.php?rest_route=\/wp\/v2\/types\/post"}],"author":[{"embeddable":true,"href":"https:\/\/archive.sana.sy\/tr\/index.php?rest_route=\/wp\/v2\/users\/1"}],"replies":[{"embeddable":true,"href":"https:\/\/archive.sana.sy\/tr\/index.php?rest_route=%2Fwp%2Fv2%2Fcomments&post=7890"}],"version-history":[{"count":0,"href":"https:\/\/archive.sana.sy\/tr\/index.php?rest_route=\/wp\/v2\/posts\/7890\/revisions"}],"wp:featuredmedia":[{"embeddable":true,"href":"https:\/\/archive.sana.sy\/tr\/index.php?rest_route=\/wp\/v2\/media\/7891"}],"wp:attachment":[{"href":"https:\/\/archive.sana.sy\/tr\/index.php?rest_route=%2Fwp%2Fv2%2Fmedia&parent=7890"}],"wp:term":[{"taxonomy":"category","embeddable":true,"href":"https:\/\/archive.sana.sy\/tr\/index.php?rest_route=%2Fwp%2Fv2%2Fcategories&post=7890"},{"taxonomy":"post_tag","embeddable":true,"href":"https:\/\/archive.sana.sy\/tr\/index.php?rest_route=%2Fwp%2Fv2%2Ftags&post=7890"}],"curies":[{"name":"wp","href":"https:\/\/api.w.org\/{rel}","templated":true}]}}