{"id":7895,"date":"2014-08-21T14:10:56","date_gmt":"2014-08-21T11:10:56","guid":{"rendered":"http:\/\/www.sana.sy\/tr\/?p=7895"},"modified":"2014-08-24T16:54:16","modified_gmt":"2014-08-24T13:54:16","slug":"hindistanli-sirketle-sanayisel-isbirligi","status":"publish","type":"post","link":"https:\/\/archive.sana.sy\/tr\/?p=7895","title":{"rendered":"Hindistanl\u0131 \u015eirketle Sanayi Alan\u0131nda \u0130\u015fbirli\u011fi"},"content":{"rendered":"<p>\u015eAM \u2013 \u0130\u015flemleri y\u00fcr\u00fctmekle m\u00fckellef kabinede Sanayi Bakan\u0131 Kemalettin Tuma Hindistanl\u0131 Cosmos \u015eirketi temsilcileri ile sanayi alan\u0131nda iki taraf aras\u0131nda ortak \u00e7al\u0131\u015fmalarda bulunma ve Hindistanl\u0131 \u015firketlerin Bakanl\u0131k projelerine kat\u0131lmalar\u0131 olanaklar\u0131n\u0131 masaya yat\u0131rd\u0131.<\/p>\n<p>\u0130ki taraf aras\u0131nda yeni sanayi projelerinin hayata ge\u00e7irilmesi konular\u0131n\u0131n tart\u0131\u015f\u0131ld\u0131\u011f\u0131 oturumda; mevcut sanayi \u015firketlerin ihtiya\u00e7lar\u0131n\u0131 kar\u015f\u0131lamakla birlikte ter\u00f6r eylemlerinde sabote edilen sanayi kurumlar\u0131 ve fabrikalar i\u00e7in gerekli te\u00e7hizat ve makineleri temin etmede i\u015fbirli\u011fi masaya yat\u0131r\u0131ld\u0131.<\/p>\n<p>&nbsp;<\/p>\n","protected":false},"excerpt":{"rendered":"<p>\u015eAM \u2013 \u0130\u015flemleri y\u00fcr\u00fctmekle m\u00fckellef kabinede Sanayi Bakan\u0131 Kemalettin Tuma Hindistanl\u0131 Cosmos \u015eirketi temsilcileri ile sanayi alan\u0131nda iki taraf aras\u0131nda ortak \u00e7al\u0131\u015fmalarda bulunma ve Hindistanl\u0131 \u015firketlerin Bakanl\u0131k projelerine kat\u0131lmalar\u0131 olanaklar\u0131n\u0131 masaya yat\u0131rd\u0131. \u0130ki taraf aras\u0131nda yeni sanayi projelerinin hayata ge\u00e7irilmesi konular\u0131n\u0131n tart\u0131\u015f\u0131ld\u0131\u011f\u0131 oturumda; mevcut sanayi \u015firketlerin ihtiya\u00e7lar\u0131n\u0131 kar\u015f\u0131lamakla birlikte ter\u00f6r eylemlerinde sabote edilen sanayi kurumlar\u0131 &hellip;<\/p>\n","protected":false},"author":1,"featured_media":7896,"comment_status":"closed","ping_status":"closed","sticky":false,"template":"","format":"standard","meta":{"footnotes":""},"categories":[485,486],"tags":[1820,1769],"class_list":["post-7895","post","type-post","status-publish","format-standard","has-post-thumbnail","","category-is-ve-sermaye","category-haberler-is-ve-sermaye","tag-hindistanli-sirketle-sanayi-alaninda-isbirligi","tag-hindistanli-sirketle-sanayisel-isbirligi"],"_links":{"self":[{"href":"https:\/\/archive.sana.sy\/tr\/index.php?rest_route=\/wp\/v2\/posts\/7895","targetHints":{"allow":["GET"]}}],"collection":[{"href":"https:\/\/archive.sana.sy\/tr\/index.php?rest_route=\/wp\/v2\/posts"}],"about":[{"href":"https:\/\/archive.sana.sy\/tr\/index.php?rest_route=\/wp\/v2\/types\/post"}],"author":[{"embeddable":true,"href":"https:\/\/archive.sana.sy\/tr\/index.php?rest_route=\/wp\/v2\/users\/1"}],"replies":[{"embeddable":true,"href":"https:\/\/archive.sana.sy\/tr\/index.php?rest_route=%2Fwp%2Fv2%2Fcomments&post=7895"}],"version-history":[{"count":0,"href":"https:\/\/archive.sana.sy\/tr\/index.php?rest_route=\/wp\/v2\/posts\/7895\/revisions"}],"wp:featuredmedia":[{"embeddable":true,"href":"https:\/\/archive.sana.sy\/tr\/index.php?rest_route=\/wp\/v2\/media\/7896"}],"wp:attachment":[{"href":"https:\/\/archive.sana.sy\/tr\/index.php?rest_route=%2Fwp%2Fv2%2Fmedia&parent=7895"}],"wp:term":[{"taxonomy":"category","embeddable":true,"href":"https:\/\/archive.sana.sy\/tr\/index.php?rest_route=%2Fwp%2Fv2%2Fcategories&post=7895"},{"taxonomy":"post_tag","embeddable":true,"href":"https:\/\/archive.sana.sy\/tr\/index.php?rest_route=%2Fwp%2Fv2%2Ftags&post=7895"}],"curies":[{"name":"wp","href":"https:\/\/api.w.org\/{rel}","templated":true}]}}