{"id":78984,"date":"2016-07-09T16:50:52","date_gmt":"2016-07-09T13:50:52","guid":{"rendered":"http:\/\/www.sana.sy\/tr\/?p=78984"},"modified":"2016-07-10T14:15:06","modified_gmt":"2016-07-10T11:15:06","slug":"yatistirma-suresi-72-saat-uzatildi","status":"publish","type":"post","link":"https:\/\/archive.sana.sy\/tr\/?p=78984","title":{"rendered":"Yat\u0131\u015ft\u0131rma S\u00fcresi 72 Saat Uzat\u0131ld\u0131"},"content":{"rendered":"<p>\u015eAM \u2013 Ordu ve Silahl\u0131 Kuvvetler Genel Komutanl\u0131\u011f\u0131; \u00c7ar\u015famba g\u00fcn\u00fc saat 01:00\u2019da ba\u015flat\u0131lan ve Cuma g\u00fcn\u00fc saat 24:00\u2019da sona eren Suriye genelinde durumlar\u0131 yat\u0131\u015ft\u0131rma s\u00fcresini 72 saat daha uzatt\u0131\u011f\u0131n\u0131 ilan etti.<\/p>\n<p>Genel Komutanl\u0131k SANA\u2019n\u0131n bir n\u00fcshas\u0131n\u0131 ald\u0131\u011f\u0131 beyan\u0131nda bug\u00fcn; Suriye Arap Cumhuriyeti topraklar\u0131n\u0131n tamam\u0131n\u0131 kapsayan durumlar\u0131 yat\u0131\u015ft\u0131rma durumunun 09 Temmuz Cumartesi g\u00fcn\u00fc saat 01:00\u2019dan 12 Temmuz Sal\u0131 g\u00fcn\u00fc saat 23:59\u2019a dek oldu\u011funu belirtti.<\/p>\n","protected":false},"excerpt":{"rendered":"<p>\u015eAM \u2013 Ordu ve Silahl\u0131 Kuvvetler Genel Komutanl\u0131\u011f\u0131; \u00c7ar\u015famba g\u00fcn\u00fc saat 01:00\u2019da ba\u015flat\u0131lan ve Cuma g\u00fcn\u00fc saat 24:00\u2019da sona eren Suriye genelinde durumlar\u0131 yat\u0131\u015ft\u0131rma s\u00fcresini 72 saat daha uzatt\u0131\u011f\u0131n\u0131 ilan etti. Genel Komutanl\u0131k SANA\u2019n\u0131n bir n\u00fcshas\u0131n\u0131 ald\u0131\u011f\u0131 beyan\u0131nda bug\u00fcn; Suriye Arap Cumhuriyeti topraklar\u0131n\u0131n tamam\u0131n\u0131 kapsayan durumlar\u0131 yat\u0131\u015ft\u0131rma durumunun 09 Temmuz Cumartesi g\u00fcn\u00fc saat 01:00\u2019dan 12 &hellip;<\/p>\n","protected":false},"author":1,"featured_media":78988,"comment_status":"closed","ping_status":"closed","sticky":false,"template":"","format":"standard","meta":{"footnotes":""},"categories":[479,575,17988,478],"tags":[22313,2770,22312],"class_list":["post-78984","post","type-post","status-publish","format-standard","has-post-thumbnail","","category-haberler-yerel","category-olaylar-ve-gercekler","category-son-haberler","category-yerel","tag-durumlari-yatistirma-durumu","tag-ordu-ve-silahli-kuvvetler-genel-komutanligi","tag-yatistirma-suresi-72-saat-uzatildi"],"_links":{"self":[{"href":"https:\/\/archive.sana.sy\/tr\/index.php?rest_route=\/wp\/v2\/posts\/78984","targetHints":{"allow":["GET"]}}],"collection":[{"href":"https:\/\/archive.sana.sy\/tr\/index.php?rest_route=\/wp\/v2\/posts"}],"about":[{"href":"https:\/\/archive.sana.sy\/tr\/index.php?rest_route=\/wp\/v2\/types\/post"}],"author":[{"embeddable":true,"href":"https:\/\/archive.sana.sy\/tr\/index.php?rest_route=\/wp\/v2\/users\/1"}],"replies":[{"embeddable":true,"href":"https:\/\/archive.sana.sy\/tr\/index.php?rest_route=%2Fwp%2Fv2%2Fcomments&post=78984"}],"version-history":[{"count":0,"href":"https:\/\/archive.sana.sy\/tr\/index.php?rest_route=\/wp\/v2\/posts\/78984\/revisions"}],"wp:featuredmedia":[{"embeddable":true,"href":"https:\/\/archive.sana.sy\/tr\/index.php?rest_route=\/wp\/v2\/media\/78988"}],"wp:attachment":[{"href":"https:\/\/archive.sana.sy\/tr\/index.php?rest_route=%2Fwp%2Fv2%2Fmedia&parent=78984"}],"wp:term":[{"taxonomy":"category","embeddable":true,"href":"https:\/\/archive.sana.sy\/tr\/index.php?rest_route=%2Fwp%2Fv2%2Fcategories&post=78984"},{"taxonomy":"post_tag","embeddable":true,"href":"https:\/\/archive.sana.sy\/tr\/index.php?rest_route=%2Fwp%2Fv2%2Ftags&post=78984"}],"curies":[{"name":"wp","href":"https:\/\/api.w.org\/{rel}","templated":true}]}}