{"id":78999,"date":"2016-07-10T12:04:01","date_gmt":"2016-07-10T09:04:01","guid":{"rendered":"http:\/\/www.sana.sy\/tr\/?p=78999"},"modified":"2016-07-11T10:11:34","modified_gmt":"2016-07-11T07:11:34","slug":"avrupa-parlamentosu-heyeti-kimi-medya-araclarindaki-haberler-suriyedeki-gercekleri-yansitmiyorvideo","status":"publish","type":"post","link":"https:\/\/archive.sana.sy\/tr\/?p=78999","title":{"rendered":"Avrupa Parlamentosu Heyeti: Kimi Medya Ara\u00e7lar\u0131ndaki Haberler Suriye\u2019deki Ger\u00e7ekleri Yans\u0131tm\u0131yor(video)"},"content":{"rendered":"<p>\u015eAM \u2013 Avrupa Parlamentosunda D\u0131\u015f \u0130\u015fler Komisyonu Ba\u015fkan\u0131 Yard\u0131mc\u0131s\u0131 javier Couso ve kendisine e\u015flik eden heyet d\u00fcn \u015eam\u2019da Mezze Ge\u00e7ici \u0130kame Merkezini ziyaret ederek ter\u00f6r ma\u011fdurlar\u0131n\u0131 durumlar\u0131n\u0131 ve kendilerine sunulan hizmetleri incelediler.<\/p>\n<p>Ter\u00f6r ma\u011fdurlar\u0131n\u0131n, zorla g\u00f6\u00e7 ettirildikleri b\u00f6lgelerde maruz kald\u0131klar\u0131 zul\u00fcm ve eziyetle ilgili anlat\u0131mlar\u0131n\u0131 dinleyen Couso ve heyet \u00fcyeleri Suriye&#8217;de ya\u015fanan olaylarla ilgili ger\u00e7eklerin b\u00fct\u00fcn kamuoyuna yans\u0131t\u0131lmas\u0131 \u00e7a\u011fr\u0131s\u0131nda bulundular.<\/p>\n<p>\u015eam ziyareti kapsam\u0131nda edindikleri izlenimleri ve dinledikleri anlat\u0131mlar\u0131 Avrupa Birli\u011fi Parlamentosuna ta\u015f\u0131yacaklar\u0131n\u0131 ifade eden Heyet \u00dcyeleri; Ge\u00e7ici \u0130kame Merkezinde tan\u0131k olduklar\u0131 ve dinledikleri durumun ter\u00f6rden ka\u00e7an ailelerle ilgili bir fikir edinmelerini sa\u011flad\u0131\u011f\u0131na i\u015faret ederek ter\u00f6r ma\u011fdurlar\u0131na sunulan hizmet ve deste\u011fin Suriye devletinin g\u00fcc\u00fcn\u00fc ve vatanda\u015flar\u0131na verdi\u011fi \u00f6nemi yans\u0131tt\u0131\u011f\u0131n\u0131 belirtti.<\/p>\n<p>Kimi medya ara\u00e7lar\u0131n\u0131n Suriye&#8217;de ya\u015fanan olaylarla ilgili uygulad\u0131\u011f\u0131 dezenformasyon kampanyas\u0131 ile ger\u00e7eklerin \u00e7arp\u0131t\u0131ld\u0131\u011f\u0131na dikkat \u00e7eken Avrupa Birli\u011fi Parlamentosu \u00dcyeleri, medyada yay\u0131nlanan haberlerin Suriye&#8217;de ya\u015fananlar\u0131 hi\u00e7bir \u015fekilde yans\u0131tmad\u0131\u011f\u0131n\u0131n alt\u0131n\u0131 \u00e7izdiler.<\/p>\n<p>Di\u011fer taraftan \u015eam\u2019daki Ge\u00e7ici \u0130kame Merkezlerinden Sorumlu \u0130smail Halluf, Avrupa Birli\u011fi Parlamentosu Heyetine merkezlerde sunulan hizmetlere ili\u015fkin bir anlat\u0131m sunarak, Ge\u00e7ici \u0130kame Merkezlerinde bulunan her aileye g\u00fcnde iki adet g\u0131da-temel ihtiya\u00e7lar sepeti verildi\u011fini belirtti.<\/p>\n<p>Halluf, ayr\u0131ca doktor ve sa\u011fl\u0131k g\u00f6revlilerinden olu\u015fmu\u015f bir heyetin Ge\u00e7ici \u0130kame Merkezlerini d\u00fczenli olarak ziyaret ederek hastalar\u0131 muayene ettiklerini ve sa\u011fl\u0131k kontrolleri yapt\u0131klar\u0131n\u0131 dile getirdi.<\/p>\n<div id='gallery-1' class='gallery galleryid-78999 gallery-columns-3 gallery-size-medium'><figure class='gallery-item'>\n\t\t\t<div class='gallery-icon landscape'>\n\t\t\t\t<a href='https:\/\/archive.sana.sy\/tr\/wp-content\/uploads\/2016\/07\/1-20.jpg'><img loading=\"lazy\" decoding=\"async\" width=\"300\" height=\"200\" src=\"https:\/\/archive.sana.sy\/tr\/wp-content\/uploads\/2016\/07\/1-20-300x200.jpg\" class=\"attachment-medium size-medium\" alt=\"\" srcset=\"https:\/\/archive.sana.sy\/tr\/wp-content\/uploads\/2016\/07\/1-20-300x200.jpg 300w, https:\/\/archive.sana.sy\/tr\/wp-content\/uploads\/2016\/07\/1-20-150x100.jpg 150w, https:\/\/archive.sana.sy\/tr\/wp-content\/uploads\/2016\/07\/1-20-768x511.jpg 768w, https:\/\/archive.sana.sy\/tr\/wp-content\/uploads\/2016\/07\/1-20-1024x681.jpg 1024w\" sizes=\"auto, (max-width: 300px) 100vw, 300px\" \/><\/a>\n\t\t\t<\/div><\/figure><figure class='gallery-item'>\n\t\t\t<div class='gallery-icon landscape'>\n\t\t\t\t<a href='https:\/\/archive.sana.sy\/tr\/wp-content\/uploads\/2016\/07\/2-14.jpg'><img loading=\"lazy\" decoding=\"async\" width=\"300\" height=\"200\" src=\"https:\/\/archive.sana.sy\/tr\/wp-content\/uploads\/2016\/07\/2-14-300x200.jpg\" class=\"attachment-medium size-medium\" alt=\"\" srcset=\"https:\/\/archive.sana.sy\/tr\/wp-content\/uploads\/2016\/07\/2-14-300x200.jpg 300w, https:\/\/archive.sana.sy\/tr\/wp-content\/uploads\/2016\/07\/2-14-150x100.jpg 150w, https:\/\/archive.sana.sy\/tr\/wp-content\/uploads\/2016\/07\/2-14-768x511.jpg 768w, https:\/\/archive.sana.sy\/tr\/wp-content\/uploads\/2016\/07\/2-14-1024x681.jpg 1024w\" sizes=\"auto, (max-width: 300px) 100vw, 300px\" \/><\/a>\n\t\t\t<\/div><\/figure><figure class='gallery-item'>\n\t\t\t<div class='gallery-icon landscape'>\n\t\t\t\t<a href='https:\/\/archive.sana.sy\/tr\/wp-content\/uploads\/2016\/07\/3-12.jpg'><img loading=\"lazy\" decoding=\"async\" width=\"300\" height=\"200\" src=\"https:\/\/archive.sana.sy\/tr\/wp-content\/uploads\/2016\/07\/3-12-300x200.jpg\" class=\"attachment-medium size-medium\" alt=\"\" srcset=\"https:\/\/archive.sana.sy\/tr\/wp-content\/uploads\/2016\/07\/3-12-300x200.jpg 300w, https:\/\/archive.sana.sy\/tr\/wp-content\/uploads\/2016\/07\/3-12-150x100.jpg 150w, https:\/\/archive.sana.sy\/tr\/wp-content\/uploads\/2016\/07\/3-12-768x511.jpg 768w, https:\/\/archive.sana.sy\/tr\/wp-content\/uploads\/2016\/07\/3-12-1024x681.jpg 1024w\" sizes=\"auto, (max-width: 300px) 100vw, 300px\" \/><\/a>\n\t\t\t<\/div><\/figure>\n\t\t<\/div>\n\n<p>https:\/\/youtu.be\/7g9WzDDY03I<\/p>\n<p><span style=\"color: #0000ff\">Avrupa Birli\u011fi Parlamentosu Heyeti Hastanede Yaral\u0131lar\u0131 Ziyaret Etti<\/span><\/p>\n<p>Avrupa Birli\u011fi Parlamentosu Heyeti \u015eam ziyareti kapsam\u0131nda d\u00fcn \u015eehit Ahmet Hami\u015f Hastanesinde tedavi g\u00f6ren yaral\u0131lar\u0131 ziyaret etti.<\/p>\n<p>Hastane ziyareti s\u0131ras\u0131nda SANA muhabirine r\u00f6portaj veren heyet \u00fcyeleri, bu ziyarette Suriye halk\u0131n\u0131n ter\u00f6rden dolay\u0131 \u00e7ektikleri zulm\u00fc ve ac\u0131y\u0131 daha yak\u0131ndan g\u00f6rd\u00fcklerini ifade ederek tan\u0131k olduklar\u0131 ger\u00e7ekleri Avrupa ve d\u00fcnya kamuoyuna ta\u015f\u0131yacaklar\u0131n\u0131 belirttiler.<\/p>\n<div id='gallery-2' class='gallery galleryid-78999 gallery-columns-2 gallery-size-medium'><figure class='gallery-item'>\n\t\t\t<div class='gallery-icon landscape'>\n\t\t\t\t<a href='https:\/\/archive.sana.sy\/tr\/wp-content\/uploads\/2016\/07\/4-10.jpg'><img loading=\"lazy\" decoding=\"async\" width=\"300\" height=\"191\" src=\"https:\/\/archive.sana.sy\/tr\/wp-content\/uploads\/2016\/07\/4-10-300x191.jpg\" class=\"attachment-medium size-medium\" alt=\"\" srcset=\"https:\/\/archive.sana.sy\/tr\/wp-content\/uploads\/2016\/07\/4-10-300x191.jpg 300w, https:\/\/archive.sana.sy\/tr\/wp-content\/uploads\/2016\/07\/4-10-150x96.jpg 150w, https:\/\/archive.sana.sy\/tr\/wp-content\/uploads\/2016\/07\/4-10-768x489.jpg 768w, https:\/\/archive.sana.sy\/tr\/wp-content\/uploads\/2016\/07\/4-10-1024x653.jpg 1024w\" sizes=\"auto, (max-width: 300px) 100vw, 300px\" \/><\/a>\n\t\t\t<\/div><\/figure><figure class='gallery-item'>\n\t\t\t<div class='gallery-icon landscape'>\n\t\t\t\t<a href='https:\/\/archive.sana.sy\/tr\/wp-content\/uploads\/2016\/07\/5-10.jpg'><img loading=\"lazy\" decoding=\"async\" width=\"300\" height=\"190\" src=\"https:\/\/archive.sana.sy\/tr\/wp-content\/uploads\/2016\/07\/5-10-300x190.jpg\" class=\"attachment-medium size-medium\" alt=\"\" srcset=\"https:\/\/archive.sana.sy\/tr\/wp-content\/uploads\/2016\/07\/5-10-300x190.jpg 300w, https:\/\/archive.sana.sy\/tr\/wp-content\/uploads\/2016\/07\/5-10-150x95.jpg 150w, https:\/\/archive.sana.sy\/tr\/wp-content\/uploads\/2016\/07\/5-10-768x485.jpg 768w, https:\/\/archive.sana.sy\/tr\/wp-content\/uploads\/2016\/07\/5-10-1024x647.jpg 1024w\" sizes=\"auto, (max-width: 300px) 100vw, 300px\" \/><\/a>\n\t\t\t<\/div><\/figure><figure class='gallery-item'>\n\t\t\t<div class='gallery-icon landscape'>\n\t\t\t\t<a href='https:\/\/archive.sana.sy\/tr\/wp-content\/uploads\/2016\/07\/6-5.jpg'><img loading=\"lazy\" decoding=\"async\" width=\"300\" height=\"201\" src=\"https:\/\/archive.sana.sy\/tr\/wp-content\/uploads\/2016\/07\/6-5-300x201.jpg\" class=\"attachment-medium size-medium\" alt=\"\" srcset=\"https:\/\/archive.sana.sy\/tr\/wp-content\/uploads\/2016\/07\/6-5-300x201.jpg 300w, https:\/\/archive.sana.sy\/tr\/wp-content\/uploads\/2016\/07\/6-5-150x100.jpg 150w, https:\/\/archive.sana.sy\/tr\/wp-content\/uploads\/2016\/07\/6-5-768x514.jpg 768w, https:\/\/archive.sana.sy\/tr\/wp-content\/uploads\/2016\/07\/6-5-1024x685.jpg 1024w, https:\/\/archive.sana.sy\/tr\/wp-content\/uploads\/2016\/07\/6-5-110x75.jpg 110w\" sizes=\"auto, (max-width: 300px) 100vw, 300px\" \/><\/a>\n\t\t\t<\/div><\/figure><figure class='gallery-item'>\n\t\t\t<div class='gallery-icon landscape'>\n\t\t\t\t<a href='https:\/\/archive.sana.sy\/tr\/wp-content\/uploads\/2016\/07\/7-2.jpg'><img loading=\"lazy\" decoding=\"async\" width=\"300\" height=\"210\" src=\"https:\/\/archive.sana.sy\/tr\/wp-content\/uploads\/2016\/07\/7-2-300x210.jpg\" class=\"attachment-medium size-medium\" alt=\"\" srcset=\"https:\/\/archive.sana.sy\/tr\/wp-content\/uploads\/2016\/07\/7-2-300x210.jpg 300w, https:\/\/archive.sana.sy\/tr\/wp-content\/uploads\/2016\/07\/7-2-150x105.jpg 150w, https:\/\/archive.sana.sy\/tr\/wp-content\/uploads\/2016\/07\/7-2-768x537.jpg 768w, https:\/\/archive.sana.sy\/tr\/wp-content\/uploads\/2016\/07\/7-2-1024x716.jpg 1024w\" sizes=\"auto, (max-width: 300px) 100vw, 300px\" \/><\/a>\n\t\t\t<\/div><\/figure>\n\t\t<\/div>\n\n<p>https:\/\/youtu.be\/XNYpc7thc5w<\/p>\n<p>F.B. &#8211; R.H.<\/p>\n","protected":false},"excerpt":{"rendered":"<p>\u015eAM \u2013 Avrupa Parlamentosunda D\u0131\u015f \u0130\u015fler Komisyonu Ba\u015fkan\u0131 Yard\u0131mc\u0131s\u0131 javier Couso ve kendisine e\u015flik eden heyet d\u00fcn \u015eam\u2019da Mezze Ge\u00e7ici \u0130kame Merkezini ziyaret ederek ter\u00f6r ma\u011fdurlar\u0131n\u0131 durumlar\u0131n\u0131 ve kendilerine sunulan hizmetleri incelediler. Ter\u00f6r ma\u011fdurlar\u0131n\u0131n, zorla g\u00f6\u00e7 ettirildikleri b\u00f6lgelerde maruz kald\u0131klar\u0131 zul\u00fcm ve eziyetle ilgili anlat\u0131mlar\u0131n\u0131 dinleyen Couso ve heyet \u00fcyeleri Suriye&#8217;de ya\u015fanan olaylarla ilgili ger\u00e7eklerin &hellip;<\/p>\n","protected":false},"author":1,"featured_media":79000,"comment_status":"closed","ping_status":"closed","sticky":false,"template":"","format":"standard","meta":{"footnotes":""},"categories":[479,17988,478],"tags":[22317],"class_list":["post-78999","post","type-post","status-publish","format-standard","has-post-thumbnail","","category-haberler-yerel","category-son-haberler","category-yerel","tag-avrupa-parlamentosu-heyeti-kimi-medya-araclarindaki-haberler-suriyedeki-gercekleri-yansitmiyor"],"_links":{"self":[{"href":"https:\/\/archive.sana.sy\/tr\/index.php?rest_route=\/wp\/v2\/posts\/78999","targetHints":{"allow":["GET"]}}],"collection":[{"href":"https:\/\/archive.sana.sy\/tr\/index.php?rest_route=\/wp\/v2\/posts"}],"about":[{"href":"https:\/\/archive.sana.sy\/tr\/index.php?rest_route=\/wp\/v2\/types\/post"}],"author":[{"embeddable":true,"href":"https:\/\/archive.sana.sy\/tr\/index.php?rest_route=\/wp\/v2\/users\/1"}],"replies":[{"embeddable":true,"href":"https:\/\/archive.sana.sy\/tr\/index.php?rest_route=%2Fwp%2Fv2%2Fcomments&post=78999"}],"version-history":[{"count":0,"href":"https:\/\/archive.sana.sy\/tr\/index.php?rest_route=\/wp\/v2\/posts\/78999\/revisions"}],"wp:featuredmedia":[{"embeddable":true,"href":"https:\/\/archive.sana.sy\/tr\/index.php?rest_route=\/wp\/v2\/media\/79000"}],"wp:attachment":[{"href":"https:\/\/archive.sana.sy\/tr\/index.php?rest_route=%2Fwp%2Fv2%2Fmedia&parent=78999"}],"wp:term":[{"taxonomy":"category","embeddable":true,"href":"https:\/\/archive.sana.sy\/tr\/index.php?rest_route=%2Fwp%2Fv2%2Fcategories&post=78999"},{"taxonomy":"post_tag","embeddable":true,"href":"https:\/\/archive.sana.sy\/tr\/index.php?rest_route=%2Fwp%2Fv2%2Ftags&post=78999"}],"curies":[{"name":"wp","href":"https:\/\/api.w.org\/{rel}","templated":true}]}}