{"id":7900,"date":"2014-08-21T14:45:16","date_gmt":"2014-08-21T11:45:16","guid":{"rendered":"http:\/\/www.sana.sy\/tr\/?p=7900"},"modified":"2014-08-21T14:45:16","modified_gmt":"2014-08-21T11:45:16","slug":"kahraman-gazilerimizin-moral-ve-motivasyonlari-yukseltiliyor","status":"publish","type":"post","link":"https:\/\/archive.sana.sy\/tr\/?p=7900","title":{"rendered":"Kahraman Gazilerimizin Moral ve Motivasyonlar\u0131 Y\u00fckseltiliyor"},"content":{"rendered":"<p>TARTUS \u2013 Tartus ilinde \u201cVatan Ad\u0131na\u201d isimli topluluk ve \u201cG\u00f6n\u00fcll\u00fc Me\u015fe Kula\u00e7lar\u0131\u201d grubu i\u015fbirli\u011fi i\u00e7erisinde kahraman gazilerimizi desteklemek amac\u0131yla Korni\u015f b\u00f6lgesinde bir kampanya ba\u015flatt\u0131lar.<\/p>\n<p><a href=\"http:\/\/www.sana.sy\/tr\/wp-content\/uploads\/2014\/08\/Tartus-2.jpg\"><img loading=\"lazy\" decoding=\"async\" class=\"alignright wp-image-7902 size-medium\" src=\"http:\/\/www.sana.sy\/tr\/wp-content\/uploads\/2014\/08\/Tartus-2-300x159.jpg\" alt=\"Tartus 2\" width=\"300\" height=\"159\" srcset=\"https:\/\/archive.sana.sy\/tr\/wp-content\/uploads\/2014\/08\/Tartus-2-300x160.jpg 300w, https:\/\/archive.sana.sy\/tr\/wp-content\/uploads\/2014\/08\/Tartus-2-150x79.jpg 150w, https:\/\/archive.sana.sy\/tr\/wp-content\/uploads\/2014\/08\/Tartus-2.jpg 620w\" sizes=\"auto, (max-width: 300px) 100vw, 300px\" \/><\/a>\u201cVatan Ad\u0131na\u201d toplulu\u011fu ba\u015fkan\u0131 Muhammed \u0130sa; d\u00fczenlenen kampanyan\u0131n tedavileri s\u00fcren kahraman gazilerimizin moral ve motivasyonlar\u0131n\u0131 y\u00fckseltmeyi ama\u00e7lad\u0131\u011f\u0131na i\u015faret ederek kampanya kapsam\u0131nda kal\u0131c\u0131 sakatl\u0131klar\u0131 bulunan gazilerimize protez tak\u0131lmas\u0131n\u0131n yan\u0131 s\u0131ra meslek e\u011fitimine y\u00f6nelik hizmetler de verilece\u011fini belirtti.<\/p>\n<p>Vatan Ad\u0131na Toplulu\u011fu ve G\u00f6n\u00fcll\u00fc Me\u015fe Kula\u00e7lar\u0131 Grubunun haz\u0131rlad\u0131\u011f\u0131 \u00f6zel formlar arac\u0131l\u0131\u011f\u0131yla gazilerimizin sa\u011fl\u0131k durumu ve genel e\u011filimleri hakk\u0131nda bilgi topland\u0131\u011f\u0131na de\u011finen \u0130sa; doldurulan formlardaki bilgiler \u0131\u015f\u0131\u011f\u0131nda gazilerimize gerekli yard\u0131m ve deste\u011fin sunuldu\u011funu belirtti.<\/p>\n<p>\u00d6te yandan G\u00f6n\u00fcll\u00fc Me\u015fe Kula\u00e7lar\u0131 Grubu Ba\u015fkan\u0131 Ammar Bilal; kampanyan\u0131n b\u00fct\u00fcn gazilerimize gerekli t\u0131bbi ve sosyal yard\u0131m\u0131n sunulmas\u0131n\u0131 ama\u00e7lad\u0131\u011f\u0131n\u0131 dile getirerek kampanyan\u0131n Tartus iliyle s\u0131n\u0131rl\u0131 kalmayaca\u011f\u0131n\u0131 ve \u00f6n\u00fcm\u00fczdeki s\u00fcre\u00e7te \u00fclkenin b\u00fct\u00fcn b\u00f6lgelerine yayg\u0131nla\u015ft\u0131r\u0131laca\u011f\u0131n\u0131 beyan etti.<\/p>\n<div id='gallery-1' class='gallery galleryid-7900 gallery-columns-3 gallery-size-thumbnail'><figure class='gallery-item'>\n\t\t\t<div class='gallery-icon landscape'>\n\t\t\t\t<a href='https:\/\/archive.sana.sy\/tr\/wp-content\/uploads\/2014\/08\/Tartus-5.jpg'><img loading=\"lazy\" decoding=\"async\" width=\"150\" height=\"79\" src=\"https:\/\/archive.sana.sy\/tr\/wp-content\/uploads\/2014\/08\/Tartus-5-150x79.jpg\" class=\"attachment-thumbnail size-thumbnail\" alt=\"\" srcset=\"https:\/\/archive.sana.sy\/tr\/wp-content\/uploads\/2014\/08\/Tartus-5-150x79.jpg 150w, https:\/\/archive.sana.sy\/tr\/wp-content\/uploads\/2014\/08\/Tartus-5-300x160.jpg 300w, https:\/\/archive.sana.sy\/tr\/wp-content\/uploads\/2014\/08\/Tartus-5.jpg 620w\" sizes=\"auto, (max-width: 150px) 100vw, 150px\" \/><\/a>\n\t\t\t<\/div><\/figure><figure class='gallery-item'>\n\t\t\t<div class='gallery-icon landscape'>\n\t\t\t\t<a href='https:\/\/archive.sana.sy\/tr\/wp-content\/uploads\/2014\/08\/Tartus-4.jpg'><img loading=\"lazy\" decoding=\"async\" width=\"150\" height=\"79\" src=\"https:\/\/archive.sana.sy\/tr\/wp-content\/uploads\/2014\/08\/Tartus-4-150x79.jpg\" class=\"attachment-thumbnail size-thumbnail\" alt=\"\" srcset=\"https:\/\/archive.sana.sy\/tr\/wp-content\/uploads\/2014\/08\/Tartus-4-150x79.jpg 150w, https:\/\/archive.sana.sy\/tr\/wp-content\/uploads\/2014\/08\/Tartus-4-300x160.jpg 300w, https:\/\/archive.sana.sy\/tr\/wp-content\/uploads\/2014\/08\/Tartus-4.jpg 620w\" sizes=\"auto, (max-width: 150px) 100vw, 150px\" \/><\/a>\n\t\t\t<\/div><\/figure><figure class='gallery-item'>\n\t\t\t<div class='gallery-icon landscape'>\n\t\t\t\t<a href='https:\/\/archive.sana.sy\/tr\/wp-content\/uploads\/2014\/08\/Tartus-3.jpg'><img loading=\"lazy\" decoding=\"async\" width=\"150\" height=\"79\" src=\"https:\/\/archive.sana.sy\/tr\/wp-content\/uploads\/2014\/08\/Tartus-3-150x79.jpg\" class=\"attachment-thumbnail size-thumbnail\" alt=\"\" srcset=\"https:\/\/archive.sana.sy\/tr\/wp-content\/uploads\/2014\/08\/Tartus-3-150x79.jpg 150w, https:\/\/archive.sana.sy\/tr\/wp-content\/uploads\/2014\/08\/Tartus-3-300x160.jpg 300w, https:\/\/archive.sana.sy\/tr\/wp-content\/uploads\/2014\/08\/Tartus-3.jpg 620w\" sizes=\"auto, (max-width: 150px) 100vw, 150px\" \/><\/a>\n\t\t\t<\/div><\/figure>\n\t\t<\/div>\n\n","protected":false},"excerpt":{"rendered":"<p>TARTUS \u2013 Tartus ilinde \u201cVatan Ad\u0131na\u201d isimli topluluk ve \u201cG\u00f6n\u00fcll\u00fc Me\u015fe Kula\u00e7lar\u0131\u201d grubu i\u015fbirli\u011fi i\u00e7erisinde kahraman gazilerimizi desteklemek amac\u0131yla Korni\u015f b\u00f6lgesinde bir kampanya ba\u015flatt\u0131lar. \u201cVatan Ad\u0131na\u201d toplulu\u011fu ba\u015fkan\u0131 Muhammed \u0130sa; d\u00fczenlenen kampanyan\u0131n tedavileri s\u00fcren kahraman gazilerimizin moral ve motivasyonlar\u0131n\u0131 y\u00fckseltmeyi ama\u00e7lad\u0131\u011f\u0131na i\u015faret ederek kampanya kapsam\u0131nda kal\u0131c\u0131 sakatl\u0131klar\u0131 bulunan gazilerimize protez tak\u0131lmas\u0131n\u0131n yan\u0131 s\u0131ra meslek e\u011fitimine &hellip;<\/p>\n","protected":false},"author":1,"featured_media":7901,"comment_status":"closed","ping_status":"closed","sticky":false,"template":"","format":"standard","meta":{"footnotes":""},"categories":[479,525,478],"tags":[1770],"class_list":["post-7900","post","type-post","status-publish","format-standard","has-post-thumbnail","","category-haberler-yerel","category-toplum","category-yerel","tag-kahraman-gazilerimizin-moral-ve-motivasyonlari-yukseltiliyor"],"_links":{"self":[{"href":"https:\/\/archive.sana.sy\/tr\/index.php?rest_route=\/wp\/v2\/posts\/7900","targetHints":{"allow":["GET"]}}],"collection":[{"href":"https:\/\/archive.sana.sy\/tr\/index.php?rest_route=\/wp\/v2\/posts"}],"about":[{"href":"https:\/\/archive.sana.sy\/tr\/index.php?rest_route=\/wp\/v2\/types\/post"}],"author":[{"embeddable":true,"href":"https:\/\/archive.sana.sy\/tr\/index.php?rest_route=\/wp\/v2\/users\/1"}],"replies":[{"embeddable":true,"href":"https:\/\/archive.sana.sy\/tr\/index.php?rest_route=%2Fwp%2Fv2%2Fcomments&post=7900"}],"version-history":[{"count":0,"href":"https:\/\/archive.sana.sy\/tr\/index.php?rest_route=\/wp\/v2\/posts\/7900\/revisions"}],"wp:featuredmedia":[{"embeddable":true,"href":"https:\/\/archive.sana.sy\/tr\/index.php?rest_route=\/wp\/v2\/media\/7901"}],"wp:attachment":[{"href":"https:\/\/archive.sana.sy\/tr\/index.php?rest_route=%2Fwp%2Fv2%2Fmedia&parent=7900"}],"wp:term":[{"taxonomy":"category","embeddable":true,"href":"https:\/\/archive.sana.sy\/tr\/index.php?rest_route=%2Fwp%2Fv2%2Fcategories&post=7900"},{"taxonomy":"post_tag","embeddable":true,"href":"https:\/\/archive.sana.sy\/tr\/index.php?rest_route=%2Fwp%2Fv2%2Ftags&post=7900"}],"curies":[{"name":"wp","href":"https:\/\/api.w.org\/{rel}","templated":true}]}}