{"id":79002,"date":"2016-07-10T12:13:47","date_gmt":"2016-07-10T09:13:47","guid":{"rendered":"http:\/\/www.sana.sy\/tr\/?p=79002"},"modified":"2016-07-11T10:11:55","modified_gmt":"2016-07-11T07:11:55","slug":"ulebi-teror-saldirilarinin-neden-oldugu-hasar-gideriliyor","status":"publish","type":"post","link":"https:\/\/archive.sana.sy\/tr\/?p=79002","title":{"rendered":"Ulebi: Ter\u00f6r Sald\u0131r\u0131lar\u0131n\u0131n Neden Oldu\u011fu Hasar Gideriliyor"},"content":{"rendered":"<p>HALEP \u2013 Halep Valisi Muhammed Mervan Ulebi, d\u00fcn silahl\u0131 ter\u00f6r gruplar\u0131 taraf\u0131ndan d\u00fczenlenen roket sald\u0131r\u0131lar\u0131na hedef olan Furkan Semtini ziyaret ederek incelemelerde bulundu.<\/p>\n<p>Ziyareti kapsam\u0131nda \u015fehit ailelerini ve gazilerimizi de ziyaret eden Ulebi; ter\u00f6r sald\u0131r\u0131lar\u0131 sonucu meydana gelen maddi hasar\u0131 telafi etme faaliyetlerinin hemen ba\u015flayaca\u011f\u0131na i\u015faret ederek \u015fehit aileleri ve gazilerimize de maddi ve manevi destek verilece\u011fini belirtti.<\/p>\n<p>Ter\u00f6ristlerin d\u00fczenledi\u011fi roket sald\u0131r\u0131s\u0131ndan bu yana valilik ve valili\u011fe ba\u011fl\u0131 b\u00fct\u00fcn kurumlar\u0131n ter\u00f6r sald\u0131r\u0131lar\u0131 sonucu meydana gelen hasar\u0131 gidermek i\u00e7in seferber oldu\u011funu ifade eden Ulebi; ayr\u0131ca hastanelerin de yaral\u0131lar\u0131n tedavisiyle ilgili her t\u00fcrl\u00fc hizmeti sunmaya devam ettiklerini ibraz etti.<\/p>\n<p>Di\u011fer taraftan Halep ve sakinlerini ter\u00f6r zulm\u00fcnden kurtaran Suriye Arap Ordusuna minnet ve te\u015fekk\u00fcrlerini yineleyen ter\u00f6r ma\u011fduru vatanda\u015flar, silahl\u0131 ter\u00f6r gruplar\u0131n\u0131n kahraman ordu birliklerimiz kar\u015f\u0131s\u0131nda u\u011frad\u0131klar\u0131 hezimetin intikam\u0131n\u0131 sivil vatanda\u015flardan almaya \u00e7al\u0131\u015ft\u0131klar\u0131n\u0131 belirttiler.<\/p>\n<p>F.B. &#8211; R.H.<\/p>\n","protected":false},"excerpt":{"rendered":"<p>HALEP \u2013 Halep Valisi Muhammed Mervan Ulebi, d\u00fcn silahl\u0131 ter\u00f6r gruplar\u0131 taraf\u0131ndan d\u00fczenlenen roket sald\u0131r\u0131lar\u0131na hedef olan Furkan Semtini ziyaret ederek incelemelerde bulundu. Ziyareti kapsam\u0131nda \u015fehit ailelerini ve gazilerimizi de ziyaret eden Ulebi; ter\u00f6r sald\u0131r\u0131lar\u0131 sonucu meydana gelen maddi hasar\u0131 telafi etme faaliyetlerinin hemen ba\u015flayaca\u011f\u0131na i\u015faret ederek \u015fehit aileleri ve gazilerimize de maddi ve manevi &hellip;<\/p>\n","protected":false},"author":1,"featured_media":79003,"comment_status":"closed","ping_status":"closed","sticky":false,"template":"","format":"standard","meta":{"footnotes":""},"categories":[479,17988,478],"tags":[22318],"class_list":["post-79002","post","type-post","status-publish","format-standard","has-post-thumbnail","","category-haberler-yerel","category-son-haberler","category-yerel","tag-ulebi-teror-saldirilarinin-neden-oldugu-hasar-gideriliyor"],"_links":{"self":[{"href":"https:\/\/archive.sana.sy\/tr\/index.php?rest_route=\/wp\/v2\/posts\/79002","targetHints":{"allow":["GET"]}}],"collection":[{"href":"https:\/\/archive.sana.sy\/tr\/index.php?rest_route=\/wp\/v2\/posts"}],"about":[{"href":"https:\/\/archive.sana.sy\/tr\/index.php?rest_route=\/wp\/v2\/types\/post"}],"author":[{"embeddable":true,"href":"https:\/\/archive.sana.sy\/tr\/index.php?rest_route=\/wp\/v2\/users\/1"}],"replies":[{"embeddable":true,"href":"https:\/\/archive.sana.sy\/tr\/index.php?rest_route=%2Fwp%2Fv2%2Fcomments&post=79002"}],"version-history":[{"count":0,"href":"https:\/\/archive.sana.sy\/tr\/index.php?rest_route=\/wp\/v2\/posts\/79002\/revisions"}],"wp:featuredmedia":[{"embeddable":true,"href":"https:\/\/archive.sana.sy\/tr\/index.php?rest_route=\/wp\/v2\/media\/79003"}],"wp:attachment":[{"href":"https:\/\/archive.sana.sy\/tr\/index.php?rest_route=%2Fwp%2Fv2%2Fmedia&parent=79002"}],"wp:term":[{"taxonomy":"category","embeddable":true,"href":"https:\/\/archive.sana.sy\/tr\/index.php?rest_route=%2Fwp%2Fv2%2Fcategories&post=79002"},{"taxonomy":"post_tag","embeddable":true,"href":"https:\/\/archive.sana.sy\/tr\/index.php?rest_route=%2Fwp%2Fv2%2Ftags&post=79002"}],"curies":[{"name":"wp","href":"https:\/\/api.w.org\/{rel}","templated":true}]}}