{"id":79018,"date":"2016-07-10T11:30:02","date_gmt":"2016-07-10T08:30:02","guid":{"rendered":"http:\/\/www.sana.sy\/tr\/?p=79018"},"modified":"2016-07-10T12:35:05","modified_gmt":"2016-07-10T09:35:05","slug":"avrupa-parlamentosu-heyeti-kimi-medya-araclarindaki-haberler-suriyedeki-gercekleri-yansitmiyor","status":"publish","type":"post","link":"https:\/\/archive.sana.sy\/tr\/?p=79018","title":{"rendered":"Avrupa Parlamentosu Heyeti: Kimi Medya Ara\u00e7lar\u0131ndaki Haberler Suriye\u2019deki Ger\u00e7ekleri Yans\u0131tm\u0131yor"},"content":{"rendered":"<p>Avrupa Parlamentosunda D\u0131\u015f \u0130\u015fler Komisyonu Ba\u015fkan\u0131 Yard\u0131mc\u0131s\u0131 javier Couso ve kendisine e\u015flik eden heyet d\u00fcn \u015eam\u2019da Mezze Ge\u00e7ici \u0130kame Merkezini ziyaret ederek ter\u00f6r ma\u011fdurlar\u0131n\u0131 durumlar\u0131n\u0131 ve kendilerine sunulan hizmetleri incelediler<\/p>\n<p>https:\/\/youtu.be\/7g9WzDDY03I<\/p>\n<p>R.H.<\/p>\n","protected":false},"excerpt":{"rendered":"<p>Avrupa Parlamentosunda D\u0131\u015f \u0130\u015fler Komisyonu Ba\u015fkan\u0131 Yard\u0131mc\u0131s\u0131 javier Couso ve kendisine e\u015flik eden heyet d\u00fcn \u015eam\u2019da Mezze Ge\u00e7ici \u0130kame Merkezini ziyaret ederek ter\u00f6r ma\u011fdurlar\u0131n\u0131 durumlar\u0131n\u0131 ve kendilerine sunulan hizmetleri incelediler https:\/\/youtu.be\/7g9WzDDY03I R.H.<\/p>\n","protected":false},"author":1,"featured_media":79020,"comment_status":"closed","ping_status":"closed","sticky":false,"template":"","format":"standard","meta":{"footnotes":""},"categories":[18295],"tags":[22320],"class_list":["post-79018","post","type-post","status-publish","format-standard","has-post-thumbnail","","category-sana-video","tag-httpsyoutu-be7g9wzddy03i"],"_links":{"self":[{"href":"https:\/\/archive.sana.sy\/tr\/index.php?rest_route=\/wp\/v2\/posts\/79018","targetHints":{"allow":["GET"]}}],"collection":[{"href":"https:\/\/archive.sana.sy\/tr\/index.php?rest_route=\/wp\/v2\/posts"}],"about":[{"href":"https:\/\/archive.sana.sy\/tr\/index.php?rest_route=\/wp\/v2\/types\/post"}],"author":[{"embeddable":true,"href":"https:\/\/archive.sana.sy\/tr\/index.php?rest_route=\/wp\/v2\/users\/1"}],"replies":[{"embeddable":true,"href":"https:\/\/archive.sana.sy\/tr\/index.php?rest_route=%2Fwp%2Fv2%2Fcomments&post=79018"}],"version-history":[{"count":0,"href":"https:\/\/archive.sana.sy\/tr\/index.php?rest_route=\/wp\/v2\/posts\/79018\/revisions"}],"wp:featuredmedia":[{"embeddable":true,"href":"https:\/\/archive.sana.sy\/tr\/index.php?rest_route=\/wp\/v2\/media\/79020"}],"wp:attachment":[{"href":"https:\/\/archive.sana.sy\/tr\/index.php?rest_route=%2Fwp%2Fv2%2Fmedia&parent=79018"}],"wp:term":[{"taxonomy":"category","embeddable":true,"href":"https:\/\/archive.sana.sy\/tr\/index.php?rest_route=%2Fwp%2Fv2%2Fcategories&post=79018"},{"taxonomy":"post_tag","embeddable":true,"href":"https:\/\/archive.sana.sy\/tr\/index.php?rest_route=%2Fwp%2Fv2%2Ftags&post=79018"}],"curies":[{"name":"wp","href":"https:\/\/api.w.org\/{rel}","templated":true}]}}