{"id":7907,"date":"2014-08-21T15:02:22","date_gmt":"2014-08-21T12:02:22","guid":{"rendered":"http:\/\/www.sana.sy\/tr\/?p=7907"},"modified":"2014-08-21T15:28:36","modified_gmt":"2014-08-21T12:28:36","slug":"teroristlerin-rehin-tuttugu-iki-kadin-vatandasimiz-kurtarildi","status":"publish","type":"post","link":"https:\/\/archive.sana.sy\/tr\/?p=7907","title":{"rendered":"Ter\u00f6ristlerin Rehin Tuttu\u011fu \u0130ki Kad\u0131n Vatanda\u015f\u0131m\u0131z Kurtar\u0131ld\u0131"},"content":{"rendered":"<p>HOMS \u2013 Homs ilinde ge\u00e7ti\u011fimiz d\u00f6nemlerde silahl\u0131 ter\u00f6r gruplar\u0131 taraf\u0131ndan ka\u00e7\u0131r\u0131larak rehin tutulan iki vatanda\u015f\u0131m\u0131z halk\u0131n ileri gelenlerinin g\u00f6sterdi\u011fi \u00e7abalar sonucu kurtar\u0131ld\u0131.<\/p>\n<p>Yakla\u015f\u0131k iki ay \u00f6nce el Vaar b\u00f6lgesinde bulunan evlerinden ka\u00e7\u0131r\u0131lan vatanda\u015flar\u0131m\u0131z sa\u011fl\u0131k kontrollerinin yap\u0131lmas\u0131 amac\u0131yla hastaneye sevk edildiler.<\/p>\n<p>Homs Valisi Talal Barazi konuyla ilgili yapt\u0131\u011f\u0131 a\u00e7\u0131klamada ter\u00f6ristler taraf\u0131ndan ka\u00e7\u0131r\u0131lan vatanda\u015flar\u0131m\u0131z\u0131n kurtar\u0131lmas\u0131 i\u00e7in \u00e7abalar\u0131n s\u00fcrd\u00fc\u011f\u00fcne i\u015faret ederek bu \u00e7abalar\u0131n \u00f6n\u00fcm\u00fczdeki g\u00fcnlerde daha fazla rehinin kurtar\u0131lmas\u0131yla sonu\u00e7lanmas\u0131 temennisini dile getirdi.<\/p>\n<p>\u00d6te yandan iki ay s\u00fcresince rehin tutulduktan sonra bug\u00fcn kurtar\u0131lan iki kad\u0131n vatanda\u015f\u0131m\u0131z ter\u00f6ristlerin elinde rehin olduklar\u0131 s\u00fcre i\u00e7erisince maruz kald\u0131klar\u0131 i\u015fkence ve k\u00f6t\u00fc muameleyi anlatarak kurtar\u0131lmalar\u0131nda eme\u011fi ge\u00e7en herkese te\u015fekk\u00fcrlerini sundular.<\/p>\n<div id='gallery-1' class='gallery galleryid-7907 gallery-columns-2 gallery-size-thumbnail'><figure class='gallery-item'>\n\t\t\t<div class='gallery-icon landscape'>\n\t\t\t\t<a href='https:\/\/archive.sana.sy\/tr\/wp-content\/uploads\/2014\/08\/Homs-1.jpg'><img loading=\"lazy\" decoding=\"async\" width=\"150\" height=\"93\" src=\"https:\/\/archive.sana.sy\/tr\/wp-content\/uploads\/2014\/08\/Homs-1-150x93.jpg\" class=\"attachment-thumbnail size-thumbnail\" alt=\"\" srcset=\"https:\/\/archive.sana.sy\/tr\/wp-content\/uploads\/2014\/08\/Homs-1-150x93.jpg 150w, https:\/\/archive.sana.sy\/tr\/wp-content\/uploads\/2014\/08\/Homs-1-300x187.jpg 300w, https:\/\/archive.sana.sy\/tr\/wp-content\/uploads\/2014\/08\/Homs-1-1024x641.jpg 1024w\" sizes=\"auto, (max-width: 150px) 100vw, 150px\" \/><\/a>\n\t\t\t<\/div><\/figure><figure class='gallery-item'>\n\t\t\t<div class='gallery-icon landscape'>\n\t\t\t\t<a href='https:\/\/archive.sana.sy\/tr\/wp-content\/uploads\/2014\/08\/Homs-2.jpg'><img loading=\"lazy\" decoding=\"async\" width=\"150\" height=\"92\" src=\"https:\/\/archive.sana.sy\/tr\/wp-content\/uploads\/2014\/08\/Homs-2-150x92.jpg\" class=\"attachment-thumbnail size-thumbnail\" alt=\"\" srcset=\"https:\/\/archive.sana.sy\/tr\/wp-content\/uploads\/2014\/08\/Homs-2-150x92.jpg 150w, https:\/\/archive.sana.sy\/tr\/wp-content\/uploads\/2014\/08\/Homs-2-300x184.jpg 300w, https:\/\/archive.sana.sy\/tr\/wp-content\/uploads\/2014\/08\/Homs-2-1024x631.jpg 1024w\" sizes=\"auto, (max-width: 150px) 100vw, 150px\" \/><\/a>\n\t\t\t<\/div><\/figure><figure class='gallery-item'>\n\t\t\t<div class='gallery-icon landscape'>\n\t\t\t\t<a href='https:\/\/archive.sana.sy\/tr\/wp-content\/uploads\/2014\/08\/Homs-3.jpg'><img loading=\"lazy\" decoding=\"async\" width=\"150\" height=\"99\" src=\"https:\/\/archive.sana.sy\/tr\/wp-content\/uploads\/2014\/08\/Homs-3-150x99.jpg\" class=\"attachment-thumbnail size-thumbnail\" alt=\"\" srcset=\"https:\/\/archive.sana.sy\/tr\/wp-content\/uploads\/2014\/08\/Homs-3-150x99.jpg 150w, https:\/\/archive.sana.sy\/tr\/wp-content\/uploads\/2014\/08\/Homs-3-300x198.jpg 300w, https:\/\/archive.sana.sy\/tr\/wp-content\/uploads\/2014\/08\/Homs-3-1024x676.jpg 1024w\" sizes=\"auto, (max-width: 150px) 100vw, 150px\" \/><\/a>\n\t\t\t<\/div><\/figure><figure class='gallery-item'>\n\t\t\t<div class='gallery-icon landscape'>\n\t\t\t\t<a href='https:\/\/archive.sana.sy\/tr\/wp-content\/uploads\/2014\/08\/Homs-4.jpg'><img loading=\"lazy\" decoding=\"async\" width=\"150\" height=\"95\" src=\"https:\/\/archive.sana.sy\/tr\/wp-content\/uploads\/2014\/08\/Homs-4-150x95.jpg\" class=\"attachment-thumbnail size-thumbnail\" alt=\"\" srcset=\"https:\/\/archive.sana.sy\/tr\/wp-content\/uploads\/2014\/08\/Homs-4-150x95.jpg 150w, https:\/\/archive.sana.sy\/tr\/wp-content\/uploads\/2014\/08\/Homs-4-300x190.jpg 300w, https:\/\/archive.sana.sy\/tr\/wp-content\/uploads\/2014\/08\/Homs-4-1024x651.jpg 1024w\" sizes=\"auto, (max-width: 150px) 100vw, 150px\" \/><\/a>\n\t\t\t<\/div><\/figure>\n\t\t<\/div>\n\n","protected":false},"excerpt":{"rendered":"<p>HOMS \u2013 Homs ilinde ge\u00e7ti\u011fimiz d\u00f6nemlerde silahl\u0131 ter\u00f6r gruplar\u0131 taraf\u0131ndan ka\u00e7\u0131r\u0131larak rehin tutulan iki vatanda\u015f\u0131m\u0131z halk\u0131n ileri gelenlerinin g\u00f6sterdi\u011fi \u00e7abalar sonucu kurtar\u0131ld\u0131. Yakla\u015f\u0131k iki ay \u00f6nce el Vaar b\u00f6lgesinde bulunan evlerinden ka\u00e7\u0131r\u0131lan vatanda\u015flar\u0131m\u0131z sa\u011fl\u0131k kontrollerinin yap\u0131lmas\u0131 amac\u0131yla hastaneye sevk edildiler. Homs Valisi Talal Barazi konuyla ilgili yapt\u0131\u011f\u0131 a\u00e7\u0131klamada ter\u00f6ristler taraf\u0131ndan ka\u00e7\u0131r\u0131lan vatanda\u015flar\u0131m\u0131z\u0131n kurtar\u0131lmas\u0131 i\u00e7in \u00e7abalar\u0131n &hellip;<\/p>\n","protected":false},"author":1,"featured_media":7913,"comment_status":"closed","ping_status":"closed","sticky":false,"template":"","format":"standard","meta":{"footnotes":""},"categories":[479,575,478],"tags":[1771],"class_list":["post-7907","post","type-post","status-publish","format-standard","has-post-thumbnail","","category-haberler-yerel","category-olaylar-ve-gercekler","category-yerel","tag-teroristlerin-rehin-tuttugu-iki-kadin-vatandasimiz-kurtarildi"],"_links":{"self":[{"href":"https:\/\/archive.sana.sy\/tr\/index.php?rest_route=\/wp\/v2\/posts\/7907","targetHints":{"allow":["GET"]}}],"collection":[{"href":"https:\/\/archive.sana.sy\/tr\/index.php?rest_route=\/wp\/v2\/posts"}],"about":[{"href":"https:\/\/archive.sana.sy\/tr\/index.php?rest_route=\/wp\/v2\/types\/post"}],"author":[{"embeddable":true,"href":"https:\/\/archive.sana.sy\/tr\/index.php?rest_route=\/wp\/v2\/users\/1"}],"replies":[{"embeddable":true,"href":"https:\/\/archive.sana.sy\/tr\/index.php?rest_route=%2Fwp%2Fv2%2Fcomments&post=7907"}],"version-history":[{"count":0,"href":"https:\/\/archive.sana.sy\/tr\/index.php?rest_route=\/wp\/v2\/posts\/7907\/revisions"}],"wp:featuredmedia":[{"embeddable":true,"href":"https:\/\/archive.sana.sy\/tr\/index.php?rest_route=\/wp\/v2\/media\/7913"}],"wp:attachment":[{"href":"https:\/\/archive.sana.sy\/tr\/index.php?rest_route=%2Fwp%2Fv2%2Fmedia&parent=7907"}],"wp:term":[{"taxonomy":"category","embeddable":true,"href":"https:\/\/archive.sana.sy\/tr\/index.php?rest_route=%2Fwp%2Fv2%2Fcategories&post=7907"},{"taxonomy":"post_tag","embeddable":true,"href":"https:\/\/archive.sana.sy\/tr\/index.php?rest_route=%2Fwp%2Fv2%2Ftags&post=7907"}],"curies":[{"name":"wp","href":"https:\/\/api.w.org\/{rel}","templated":true}]}}