{"id":79090,"date":"2016-07-10T15:35:33","date_gmt":"2016-07-10T12:35:33","guid":{"rendered":"http:\/\/www.sana.sy\/tr\/?p=79090"},"modified":"2016-07-11T15:55:53","modified_gmt":"2016-07-11T12:55:53","slug":"catismalari-durdurma-anlasmasina-uymayan-teroristlerin-saldirilari-cokertildi%e2%80%8f","status":"publish","type":"post","link":"https:\/\/archive.sana.sy\/tr\/?p=79090","title":{"rendered":"\u00c7at\u0131\u015fmalar\u0131 Durdurma Anla\u015fmas\u0131na Uymayan Ter\u00f6ristlerin Sald\u0131r\u0131lar\u0131 \u00c7\u00f6kertildi\u200f (video)"},"content":{"rendered":"<p>\u0130LLER &#8211; Ordu birliklerimiz, \u00e7at\u0131\u015fmalar\u0131 durdurma anla\u015fmas\u0131 ve durumlar\u0131 yat\u0131\u015ft\u0131rma s\u00fcresine ra\u011fmen askeri noktalara ve sivil b\u00f6lgelere sald\u0131r\u0131 giri\u015fimlerinde bulunan ter\u00f6ristlere y\u00f6nelik operasyonlar\u0131n\u0131 s\u00fcrd\u00fcrd\u00fc.\u200f<\/p>\n<p><span style=\"color: #0000ff\">HAMA:<\/span><\/p>\n<p>Saha kaynaklar\u0131 SANA\u2019ya a\u00e7\u0131klamalar\u0131nda; ordu birliklerimizin Hama k\u0131rsal\u0131nda Vadi el Aziyb B\u00f6lgesinden Ukayrebbat Beldesine seyir eden 8 bin litre benzin ta\u015f\u0131yan bir yak\u0131t tankerini ge\u00e7irmeye \u00e7al\u0131\u015fan bir ter\u00f6r grubuyla \u015fiddetli \u00e7at\u0131\u015fmalara girdiklerini ifade etti. Kaynaklar; \u00e7at\u0131\u015fmalarda ter\u00f6r grubunun t\u00fcm \u00fcyelerinin \u00f6l\u00fc ve yaral\u0131 d\u00fc\u015f\u00fcr\u00fcl\u00fcp sa\u011f kalan ter\u00f6ristlerin Hama\u2019n\u0131n Do\u011fu Badiyesine ka\u00e7malar\u0131 ard\u0131ndan tankerin ele ge\u00e7irildi\u011fine dikkat \u00e7ekti.<\/p>\n<p><span style=\"color: #0000ff\">DERA:<\/span><\/p>\n<p>Dera Beled\u2019in muhtelif b\u00f6lgelerinde de \u0130srail\u2019den destek alan Kaide \u00d6rg\u00fct\u00fcn\u00fcn Suriye kolu Nusra Cephesi ve \u00e7at\u0131s\u0131 alt\u0131ndaki di\u011fer ter\u00f6r \u00f6rg\u00fctlere ait toplanma yerleri ve mevkilerine y\u00f6nelik nitelikli operasyonlar\u0131n\u0131 s\u00fcrd\u00fcren ordu birliklerimiz; Eski G\u00fcmr\u00fck B\u00f6lgesinin bat\u0131s\u0131nda ter\u00f6rist ve cephane ta\u015f\u0131yan bir arac\u0131 ter\u00f6rist ekibiyle birlikte tamamen yok etti.<\/p>\n<p><span style=\"color: #0000ff\">DEYREZZOR:<\/span><\/p>\n<p>\u00d6te yandan askeri kaynak; hava g\u00fc\u00e7lerimizin Deyrezzor k\u0131rsal\u0131n\u0131n g\u00fcneyi Serda Da\u011f\u0131 \u00e7evresinde askeri noktalara sald\u0131rmaya \u00e7al\u0131\u015fan I\u015e\u0130D\u2019e tabi bombal\u0131 ara\u00e7lar konvoyunu tamam\u0131yla imha ettiklerini belirtti.<\/p>\n<p>\u0130mha edilen ara\u00e7lar\u0131n genelinin b\u00fcy\u00fck miktarda patlay\u0131c\u0131 ile haz\u0131rlanm\u0131\u015f bombal\u0131 ara\u00e7lar oldu\u011funu a\u00e7\u0131klayan kaynak; \u200fy\u00fcksek say\u0131da ter\u00f6ristin \u00f6l\u00fc ve yaral\u0131 d\u00fc\u015f\u00fcr\u00fcld\u00fc\u011f\u00fcn\u00fc s\u00f6zlerine ekledi.<\/p>\n<p><span style=\"color: #0000ff\">HOMS:<\/span><\/p>\n<p>Bu arada askeri kaynak; hava g\u00fc\u00e7lerimizin Homs Kentinin yakla\u015f\u0131k 40 km do\u011fusuna d\u00fc\u015fen Hneyfis B\u00f6lgesinde I\u015e\u0130D\u2019in toplanma yerleri ve mevkilerini hedef almalar\u0131yla buralarda da \u00e7ok say\u0131da ter\u00f6risti \u00f6l\u00fc ve yaral\u0131 d\u00fc\u015f\u00fcr\u00fcp muhtelif t\u00fcr makineli silahlarla donat\u0131lm\u0131\u015f ara\u00e7lar\u0131n\u0131 y\u00fckleriyle birlikte imha ettiklerini s\u00f6yledi.<\/p>\n<p>Homs Kentinin yakla\u015f\u0131k 72 km do\u011fusuna d\u00fc\u015fen Cub el Cerrah B\u00f6lgesinde de hava g\u00fc\u00e7lerimizin I\u015e\u0130D\u2019in siper ve hareket eksenlerini ate\u015fe tutuklar\u0131n\u0131 aktaran kaynak; tekfircileri burada da say\u0131 ve te\u00e7hizatlar\u0131yla a\u011f\u0131r kay\u0131plara u\u011fratt\u0131klar\u0131n\u0131 belirtti.<\/p>\n<p>Bu arada saha kaynaklar\u0131 SANA\u2019ya a\u00e7\u0131klamalar\u0131nda Homs k\u0131rsal\u0131n\u0131n kuzeyi \u011eacar ve Zara k\u00f6yleri aras\u0131nda Nusra Cephesine tabi bir ter\u00f6r grubuna y\u00f6nelik nitelikli operasyonlar ger\u00e7ekle\u015ftiren ordu birliklerimizin; Resten Kentinde Nusra Cephesinin s\u00f6zde emiri Mahmut Abd\u00fclkerim Bruk adl\u0131 bir ter\u00f6r eleba\u015f\u0131n\u0131n aralar\u0131nda bulundu\u011fu 11 ter\u00f6risti \u00f6ld\u00fcrd\u00fcklerini beyan etti.<\/p>\n<p><span style=\"color: #0000ff\">HALEP<\/span>:<\/p>\n<p>Askeri kaynak ordu birliklerimizin Halep\u2019te Erdo\u011fan ve Al Suud rejimlerine tabi ter\u00f6r \u00e7eteleri b\u00fcy\u00fck kay\u0131plara u\u011fratmaya ve bir\u00e7ok cephede yeni ilerlemeler kaydetmeye devam ettiklerini aktard\u0131.<\/p>\n<p>Kaynak Leyramun ve Halidiye cephelerine ek olarak ana eksenler Mellah ve Kastello b\u00f6lgelerinden \u00f6nemli ilerlemeler kaydedildi\u011fini ifade ederken ya\u015fanan \u00e7at\u0131\u015fmalarda ter\u00f6ristlerin say\u0131 ve ekipmanlar\u0131yla ciddi kay\u0131plara u\u011frat\u0131ld\u0131klar\u0131n\u0131 belirtti.<\/p>\n<p>Ordu birliklerimizin bu ilerlemelerle Halep \u0130linin g\u00fcneydo\u011fusundaki ter\u00f6ristlerin i\u00e7ine d\u00fc\u015ft\u00fckleri \u00e7emberi daha da daraltm\u0131\u015f oldu\u011funu ifade eden kaynak; sivil yerle\u015fim alanlar\u0131n\u0131 f\u00fcze ya\u011fmuruna tutan bu \u00e7etelerin kay\u0131plar\u0131yla unutulmayacaklar\u0131 bir ders ald\u0131klar\u0131na dikkat \u00e7ekti.<\/p>\n<p>https:\/\/www.youtube.com\/watch?v=jq_lIDSkG8g<\/p>\n<p>Di\u011fer yandan askeri bir kaynak ordu birliklerimizin \u00f6\u011fleden sonra saatlerinde Halep Kalesine s\u0131zmaya \u00e7al\u0131\u015fan bir ter\u00f6r grubuna ba\u015far\u0131yla kar\u015f\u0131 koyduklar\u0131n\u0131 belirtti.<\/p>\n<p>Kaynak kaz\u0131d\u0131klar\u0131 t\u00fcnel yoluyla kaleye girmeye \u00e7al\u0131\u015fan ter\u00f6ristlerle ya\u015fanan \u015fiddetli \u00e7at\u0131\u015fmada ter\u00f6r grubunun t\u00fcm \u00fcyelerinin silahlar\u0131yla birlikte tamamen etkisizle\u015ftirildiklerini aktard\u0131.<\/p>\n<p>https:\/\/www.youtube.com\/watch?v=h8_S_bFw5kQ<\/p>\n","protected":false},"excerpt":{"rendered":"<p>\u0130LLER &#8211; Ordu birliklerimiz, \u00e7at\u0131\u015fmalar\u0131 durdurma anla\u015fmas\u0131 ve durumlar\u0131 yat\u0131\u015ft\u0131rma s\u00fcresine ra\u011fmen askeri noktalara ve sivil b\u00f6lgelere sald\u0131r\u0131 giri\u015fimlerinde bulunan ter\u00f6ristlere y\u00f6nelik operasyonlar\u0131n\u0131 s\u00fcrd\u00fcrd\u00fc.\u200f HAMA: Saha kaynaklar\u0131 SANA\u2019ya a\u00e7\u0131klamalar\u0131nda; ordu birliklerimizin Hama k\u0131rsal\u0131nda Vadi el Aziyb B\u00f6lgesinden Ukayrebbat Beldesine seyir eden 8 bin litre benzin ta\u015f\u0131yan bir yak\u0131t tankerini ge\u00e7irmeye \u00e7al\u0131\u015fan bir ter\u00f6r grubuyla \u015fiddetli &hellip;<\/p>\n","protected":false},"author":1,"featured_media":79091,"comment_status":"closed","ping_status":"closed","sticky":false,"template":"","format":"standard","meta":{"footnotes":""},"categories":[575,17988],"tags":[22328],"class_list":["post-79090","post","type-post","status-publish","format-standard","has-post-thumbnail","","category-olaylar-ve-gercekler","category-son-haberler","tag-catismalari-durdurma-anlasmasina-uymayan-teroristlerin-saldirilari-cokertildi"],"_links":{"self":[{"href":"https:\/\/archive.sana.sy\/tr\/index.php?rest_route=\/wp\/v2\/posts\/79090","targetHints":{"allow":["GET"]}}],"collection":[{"href":"https:\/\/archive.sana.sy\/tr\/index.php?rest_route=\/wp\/v2\/posts"}],"about":[{"href":"https:\/\/archive.sana.sy\/tr\/index.php?rest_route=\/wp\/v2\/types\/post"}],"author":[{"embeddable":true,"href":"https:\/\/archive.sana.sy\/tr\/index.php?rest_route=\/wp\/v2\/users\/1"}],"replies":[{"embeddable":true,"href":"https:\/\/archive.sana.sy\/tr\/index.php?rest_route=%2Fwp%2Fv2%2Fcomments&post=79090"}],"version-history":[{"count":0,"href":"https:\/\/archive.sana.sy\/tr\/index.php?rest_route=\/wp\/v2\/posts\/79090\/revisions"}],"wp:featuredmedia":[{"embeddable":true,"href":"https:\/\/archive.sana.sy\/tr\/index.php?rest_route=\/wp\/v2\/media\/79091"}],"wp:attachment":[{"href":"https:\/\/archive.sana.sy\/tr\/index.php?rest_route=%2Fwp%2Fv2%2Fmedia&parent=79090"}],"wp:term":[{"taxonomy":"category","embeddable":true,"href":"https:\/\/archive.sana.sy\/tr\/index.php?rest_route=%2Fwp%2Fv2%2Fcategories&post=79090"},{"taxonomy":"post_tag","embeddable":true,"href":"https:\/\/archive.sana.sy\/tr\/index.php?rest_route=%2Fwp%2Fv2%2Ftags&post=79090"}],"curies":[{"name":"wp","href":"https:\/\/api.w.org\/{rel}","templated":true}]}}